{"id":13823,"date":"2026-04-27T10:24:58","date_gmt":"2026-04-27T08:24:58","guid":{"rendered":"https:\/\/www.athlestats.fr\/blog_uai_demi_fond\/?p=13823"},"modified":"2026-04-27T23:17:24","modified_gmt":"2026-04-27T21:17:24","slug":"du-27-avril-au-3-mai-2026","status":"publish","type":"post","link":"https:\/\/www.athlestats.fr\/blog_uai_demi_fond\/?p=13823","title":{"rendered":"Du 27 avril au 3 mai 2026"},"content":{"rendered":"\n<h4 class=\"wp-block-heading\">Semaine 35<br>Cycle 6 \u2013 Intensit\u00e9 R<\/h4>\n\n\n\n<h3 class=\"wp-block-heading\">&#8211; Important : Pendant notre stage d&rsquo;athl\u00e9tisme, les rendez-vous habituels seront assur\u00e9s si un\u00b7e r\u00e9f\u00e9rent\u00b7e se porte volontaire sur le groupe WhatssApp. On en reparle ! &#8211;<\/h3>\n\n\n\n<h3 class=\"wp-block-heading\">Lundi (20h15) \u2013 avec Fabrice<br><em>Attention, une seule s\u00e9ance ce soir pour toutes et tous !<\/em><\/h3>\n\n\n\n<p>Footing 32&prime; + 2000 m &#8211; 1000 m &#8211; [4 x (10\u2033 \u2013 20\u2033) &#8211; R = 20\u2033 \/ 40\u2033] &#8211; R = Temps de<br>course<br><em>Bord de Marne \/ Stade<\/em><\/p>\n\n\n\n<h3 class=\"wp-block-heading\">Mardi (18h30) \u2013 Pas de s\u00e9ance technique cette semaine.<\/h3>\n\n\n\n<h3 class=\"wp-block-heading\">Mercredi (19h) \u2013<\/h3>\n\n\n\n<p>Footing 32\u2032 (8\u2032) + 2 x 1000m &#8211; 5 x 200m &#8211; 1000m  \u2013 R = 1&prime; entre les 200 et 3\u2032 entre les blocs <strong><em>-&gt;Pointes<\/em><\/strong><br><em>Stade<\/em><\/p>\n\n\n\n<h3 class=\"wp-block-heading\">Vendredi \u2013 avec Oph\u00e9lie<\/h3>\n\n\n\n<p><strong><em>Rendez-vous \u00e0 d\u00e9terminer car stade ferm\u00e9 le 1er mai <\/em><\/strong><\/p>\n\n\n\n<p>Footing 24\u2032 (8\u2032) \u00e0 32\u2032 (8\u2032) + S\u00e9ances sp\u00e9cifiques Interclubs ou Hors-Stade <strong><em>->Pointes<\/em><\/strong><br>+ 8\u2032 <a href=\"https:\/\/www.lifa-athle.fr\/actualite\/athle-fit-6-coaches-6-seances-1-concept-pour-tous\" target=\"_blank\" rel=\"noreferrer noopener\">Athl\u00e9 Fit<\/a><br><em>Stade du Tremblay<\/em><\/p>\n\n\n\n<h3 class=\"wp-block-heading\">Samedi \u2013 <\/h3>\n\n\n\n<p><strong><a href=\"https:\/\/www.lifa-athle.fr\/competitions\/interclubs\" target=\"_blank\" rel=\"noreferrer noopener\">1er tour des Interclubs (\u00c9quipe 2 &#8211; N3)<\/a><\/strong><br><strong>au Stade Alain Mimoun<br>20 rue Vauban<br>Noisy-le-Grand<\/strong><\/p>\n\n\n\n<p><a href=\"https:\/\/www.lifa-athle.fr\/storage\/uploads\/cfbc5e85-a4de-4863-821c-0057e86a4180\/Interclubs_T1_2026v3.pdf\" data-type=\"link\" data-id=\"https:\/\/www.lifa-athle.fr\/storage\/uploads\/cfbc5e85-a4de-4863-821c-0057e86a4180\/Interclubs_T1_2026v3.pdf\" target=\"_blank\" rel=\"noreferrer noopener\">Les horaires\u2026<\/a><br><a href=\"https:\/\/www.lifa-athle.fr\/storage\/uploads\/7f38141b-ff71-4e4f-80e5-b8045d89f35e\/Poule-T1-2026.pdf\" target=\"_blank\" rel=\"noreferrer noopener\">Les poules\u2026<\/a><\/p>\n\n\n\n<p><em>RDV \u00e0 d\u00e9terminer, \u00e9quipe bient\u00f4t disponible<\/em><\/p>\n\n\n\n<h3 class=\"wp-block-heading\">Dimanche (10h30) \u2013 Footing Ensemble<br>Rendez-vous au stade<\/h3>\n\n\n\n<p>Footing 48\u2032 (8\u2032)<br><em>Parc du Tremblay<\/em><br><strong><em>Si vous voulez qu\u2019il y ait un peu de monde, n\u2019h\u00e9sitez pas \u00e0 vous manifester sur le groupe WhatsApp !!<\/em><\/strong><br><em>Attention, le stade est privatis\u00e9 pour un \u00e9v\u00e8nement ce jour-l\u00e0, les vestiaires ne seront accessibles&#8230;<\/em><\/p>\n\n\n\n<p>ou<\/p>\n\n\n\n<p><strong><a href=\"https:\/\/www.lifa-athle.fr\/competitions\/interclubs\" target=\"_blank\" rel=\"noreferrer noopener\">1er tour des Interclubs (\u00c9quipe 1 &#8211; N1b)<\/a><\/strong><br><strong>au Stade Auguste Delaune<\/strong><br>R<strong>ue du 11 novembre 1918<\/strong><br><strong>Maisons-Alfort<\/strong><\/p>\n\n\n\n<p><a href=\"https:\/\/www.lifa-athle.fr\/storage\/uploads\/cfbc5e85-a4de-4863-821c-0057e86a4180\/Interclubs_T1_2026v3.pdf\" data-type=\"link\" data-id=\"https:\/\/www.lifa-athle.fr\/storage\/uploads\/cfbc5e85-a4de-4863-821c-0057e86a4180\/Interclubs_T1_2026v3.pdf\" target=\"_blank\" rel=\"noreferrer noopener\">Les horaires\u2026<\/a><br><a href=\"https:\/\/www.lifa-athle.fr\/storage\/uploads\/7f38141b-ff71-4e4f-80e5-b8045d89f35e\/Poule-T1-2026.pdf\" target=\"_blank\" rel=\"noreferrer noopener\">Les poules\u2026<\/a><\/p>\n\n\n\n<p><em>RDV \u00e0 d\u00e9terminer, \u00e9quipe bient\u00f4t disponible<\/em><\/p>\n\n\n\n<h3 class=\"wp-block-heading\">S\u00e9ances Suppl\u00e9mentaires du stage \u2013<\/h3>\n\n\n\n<p>1- (1\/2 Fond) Footing 24\u2019 (8\u2019) + Sprint : 3 x 120m \/ 3 x 250m &#8211; R = Retour march\u00e9 + 3\u2019 \/ 9\u2019 <strong><em>-&gt;Pointes<\/em><\/strong><\/p>\n\n\n\n<p>2- (Hors Stade) Footing 40\u2019 (8\u2019) + 12 x 350m &#8211; D\u00e9part 2\u2019<\/p>\n\n\n\n<p>3- D&rsquo;autres s\u00e9ances possibles sur demande<\/p>\n\n\n\n<h3 class=\"wp-block-heading\"><strong>A noter \u2013<\/strong><\/h3>\n\n\n\n<p>Pense-b\u00eate UAI (urgent) :<\/p>\n\n\n\n<ul class=\"wp-block-list\">\n<li><strong><a href=\"https:\/\/www.athle.fr\/contenu\/programme-i-run-clean\/5636\" data-type=\"link\" data-id=\"https:\/\/www.athle.fr\/contenu\/programme-i-run-clean\/5636\" target=\"_blank\" rel=\"noreferrer noopener\">Il est toujours temps d&rsquo;obtenir son passeport I Run Clean<\/a>.<\/strong> Ce programme \u00e9ducatif interactif antidopage s&rsquo;adresse \u00e0 tous les pratiquants, quel que soit leur niveau.<\/li>\n\n\n\n<li>R\u00e9servez votre week-end pour le deuxi\u00e8me tour des <strong>Interclubs<\/strong> :<br><strong>16-17\/05\/2026 \u2013 2\u00e8me tour des Interclubs (<a href=\"https:\/\/www.athle.fr\/contenu\/championnat-de-france-des-clubs-2026\/7124\" data-type=\"link\" data-id=\"https:\/\/www.athle.fr\/contenu\/championnat-de-france-des-clubs-2026\/7124\" target=\"_blank\" rel=\"noreferrer noopener\">\u00c9quipe 1, le dimanche 17 mai \u00e0 Chartres<\/a>)<\/strong><\/li>\n\n\n\n<li><strong>Soir\u00e9e de Saint-Maur (Tout est complet, non !?)<br><a href=\"http:\/\/www.athlestats.fr\/blog_uai_demi_fond\/wp-content\/uploads\/2026\/04\/soiree2026.png\" data-type=\"link\" data-id=\"http:\/\/www.athlestats.fr\/blog_uai_demi_fond\/wp-content\/uploads\/2026\/04\/soiree2026.png\" target=\"_blank\" rel=\"noreferrer noopener\">Demander le programme ici !<\/a><\/strong><br>Nous allons privil\u00e9gier 4 soir\u00e9es de Saint-Maur, histoire de s&rsquo;y retrouver toutes et tous ensemble :<br><strong>&#8211; Mercredi 27 mai &#8211; D\u00e9partementaux de 1\/2 fond long (3000m \/ steeple \/ 5000m) &#8211; Gratuit 94<br>&#8211; Mercredi 10 juin &#8211; Marche \/ 800m \/ 1500m<br>&#8211; Mercredi 24 Juin &#8211; LIFA 1\/2 fond long \/ 800m<br>&#8211; Mercredi 1er juillet 800m \/ 5000m<\/strong><br>Inscrivez-vous vite sur <strong><a href=\"https:\/\/athle.live\/\" target=\"_blank\" rel=\"noreferrer noopener\">athle.live<\/a><\/strong> car les places sont ch\u00e8res (dans les deux sens du terme !), les modalit\u00e9s et le calendrier d&rsquo;ouverture des soir\u00e9es sur leur <strong><a href=\"https:\/\/www.instagram.com\/les_soirees_de_saint_maur\/\" data-type=\"link\" data-id=\"https:\/\/www.instagram.com\/les_soirees_de_saint_maur\/\" target=\"_blank\" rel=\"noreferrer noopener\">Instagram<\/a><\/strong>.<\/li>\n<\/ul>\n","protected":false},"excerpt":{"rendered":"<p>Semaine 35Cycle 6 \u2013 Intensit\u00e9 R &#8211; Important : Pendant notre stage d&rsquo;athl\u00e9tisme, les rendez-vous habituels seront assur\u00e9s si un\u00b7e r\u00e9f\u00e9rent\u00b7e se porte volontaire sur le groupe WhatssApp. On en reparle ! &#8211; Lundi (20h15) \u2013 avec FabriceAttention, une seule s\u00e9ance ce soir pour toutes et tous ! Footing 32&prime; + 2000 m &#8211; 1000 [&hellip;]<\/p>\n","protected":false},"author":2,"featured_media":0,"comment_status":"open","ping_status":"open","sticky":false,"template":"","format":"standard","meta":{"footnotes":""},"categories":[4,3,8,10],"tags":[],"class_list":["post-13823","post","type-post","status-publish","format-standard","hentry","category-competitions","category-entrainement","category-piste","category-plans-dentrainement"],"_links":{"self":[{"href":"https:\/\/www.athlestats.fr\/blog_uai_demi_fond\/index.php?rest_route=\/wp\/v2\/posts\/13823"}],"collection":[{"href":"https:\/\/www.athlestats.fr\/blog_uai_demi_fond\/index.php?rest_route=\/wp\/v2\/posts"}],"about":[{"href":"https:\/\/www.athlestats.fr\/blog_uai_demi_fond\/index.php?rest_route=\/wp\/v2\/types\/post"}],"author":[{"embeddable":true,"href":"https:\/\/www.athlestats.fr\/blog_uai_demi_fond\/index.php?rest_route=\/wp\/v2\/users\/2"}],"replies":[{"embeddable":true,"href":"https:\/\/www.athlestats.fr\/blog_uai_demi_fond\/index.php?rest_route=%2Fwp%2Fv2%2Fcomments&post=13823"}],"version-history":[{"count":4,"href":"https:\/\/www.athlestats.fr\/blog_uai_demi_fond\/index.php?rest_route=\/wp\/v2\/posts\/13823\/revisions"}],"predecessor-version":[{"id":13828,"href":"https:\/\/www.athlestats.fr\/blog_uai_demi_fond\/index.php?rest_route=\/wp\/v2\/posts\/13823\/revisions\/13828"}],"wp:attachment":[{"href":"https:\/\/www.athlestats.fr\/blog_uai_demi_fond\/index.php?rest_route=%2Fwp%2Fv2%2Fmedia&parent=13823"}],"wp:term":[{"taxonomy":"category","embeddable":true,"href":"https:\/\/www.athlestats.fr\/blog_uai_demi_fond\/index.php?rest_route=%2Fwp%2Fv2%2Fcategories&post=13823"},{"taxonomy":"post_tag","embeddable":true,"href":"https:\/\/www.athlestats.fr\/blog_uai_demi_fond\/index.php?rest_route=%2Fwp%2Fv2%2Ftags&post=13823"}],"curies":[{"name":"wp","href":"https:\/\/api.w.org\/{rel}","templated":true}]}}