{"id":13598,"date":"2025-12-01T14:14:24","date_gmt":"2025-12-01T13:14:24","guid":{"rendered":"https:\/\/www.athlestats.fr\/blog_uai_demi_fond\/?p=13598"},"modified":"2025-12-01T14:23:30","modified_gmt":"2025-12-01T13:23:30","slug":"championnats-de-france-de-para-cross-adapte-2026","status":"publish","type":"post","link":"https:\/\/www.athlestats.fr\/blog_uai_demi_fond\/?p=13598","title":{"rendered":"Championnats de France de para cross adapt\u00e9 2026"},"content":{"rendered":"\n<p>Le Championnats de France de Para-Cross adapt\u00e9 aura lieu au Parc du Tremblay, samedi 28 f\u00e9vrier 2026 et c&rsquo;est organis\u00e9 par L&rsquo;Entente Athl\u00e9tisme 94.<\/p>\n\n\n\n<p>Dans le cadre de l\u2019organisation de ce championnat, nous recherchons des\u00a0<strong>b\u00e9n\u00e9voles\u00a0<\/strong>pour venir renforcer notre \u00e9quipe sur diff\u00e9rentes missions. En amont le vendredi, le samedi, jour de comp\u00e9tition et aussi le dimanche pour le rangement.<\/p>\n\n\n\n<p>Pour faciliter la logistique, un\u00a0questionnaire d\u2019inscription est disponible sur le lien suivant si vous souhaitez participer en tant que b\u00e9n\u00e9vole\u00a0: <\/p>\n\n\n\n<p><a href=\"https:\/\/forms.office.com\/e\/XTmZcKTH0n\" target=\"_blank\" rel=\"noreferrer noopener\">Inscriptions b\u00e9n\u00e9voles CF para cross adapt\u00e9 27 au 01 mars 2026 \u2013 Remplir le formulaire<\/a><\/p>\n\n\n\n<p>Nous sommes \u00e9galement \u00e0 la recherche de\u00a0<strong>juges courses, running ou cross<\/strong>\u00a0pour la journ\u00e9e du samedi 28 f\u00e9vrier. Si vous \u00eates int\u00e9ress\u00e9(e), vous pouvez vous inscrire via le lien suivant : <\/p>\n\n\n\n<p><a href=\"https:\/\/forms.office.com\/e\/tgKB7sCv8x\" target=\"_blank\" rel=\"noreferrer noopener\">https:\/\/forms.office.com\/e\/tgKB7sCv8x<\/a><br><em>Une\u00a0<strong>formation FFSA<\/strong>\u00a0sera propos\u00e9e en amont du championnat \u00e0 l\u2019ensemble des juges inscrits.<\/em><\/p>\n\n\n\n<figure class=\"wp-block-image size-large\"><a href=\"https:\/\/www.athlestats.fr\/blog_uai_demi_fond\/wp-content\/uploads\/2025\/12\/affiche-officielle-France-Cross-FFSA-2026-scaled.jpg\"><img loading=\"lazy\" decoding=\"async\" width=\"724\" height=\"1024\" src=\"https:\/\/www.athlestats.fr\/blog_uai_demi_fond\/wp-content\/uploads\/2025\/12\/affiche-officielle-France-Cross-FFSA-2026-724x1024.jpg\" alt=\"\" class=\"wp-image-13599\" srcset=\"https:\/\/www.athlestats.fr\/blog_uai_demi_fond\/wp-content\/uploads\/2025\/12\/affiche-officielle-France-Cross-FFSA-2026-724x1024.jpg 724w, https:\/\/www.athlestats.fr\/blog_uai_demi_fond\/wp-content\/uploads\/2025\/12\/affiche-officielle-France-Cross-FFSA-2026-212x300.jpg 212w, https:\/\/www.athlestats.fr\/blog_uai_demi_fond\/wp-content\/uploads\/2025\/12\/affiche-officielle-France-Cross-FFSA-2026-768x1086.jpg 768w, https:\/\/www.athlestats.fr\/blog_uai_demi_fond\/wp-content\/uploads\/2025\/12\/affiche-officielle-France-Cross-FFSA-2026-1086x1536.jpg 1086w, https:\/\/www.athlestats.fr\/blog_uai_demi_fond\/wp-content\/uploads\/2025\/12\/affiche-officielle-France-Cross-FFSA-2026-1448x2048.jpg 1448w, https:\/\/www.athlestats.fr\/blog_uai_demi_fond\/wp-content\/uploads\/2025\/12\/affiche-officielle-France-Cross-FFSA-2026-scaled.jpg 1810w\" sizes=\"(max-width: 724px) 100vw, 724px\" \/><\/a><\/figure>\n","protected":false},"excerpt":{"rendered":"<p>Le Championnats de France de Para-Cross adapt\u00e9 aura lieu au Parc du Tremblay, samedi 28 f\u00e9vrier 2026 et c&rsquo;est organis\u00e9 par L&rsquo;Entente Athl\u00e9tisme 94. Dans le cadre de l\u2019organisation de ce championnat, nous recherchons des\u00a0b\u00e9n\u00e9voles\u00a0pour venir renforcer notre \u00e9quipe sur diff\u00e9rentes missions. En amont le vendredi, le samedi, jour de comp\u00e9tition et aussi le dimanche [&hellip;]<\/p>\n","protected":false},"author":2,"featured_media":0,"comment_status":"open","ping_status":"open","sticky":false,"template":"","format":"standard","meta":{"footnotes":""},"categories":[4,7,12],"tags":[],"class_list":["post-13598","post","type-post","status-publish","format-standard","hentry","category-competitions","category-cross","category-divers"],"_links":{"self":[{"href":"https:\/\/www.athlestats.fr\/blog_uai_demi_fond\/index.php?rest_route=\/wp\/v2\/posts\/13598"}],"collection":[{"href":"https:\/\/www.athlestats.fr\/blog_uai_demi_fond\/index.php?rest_route=\/wp\/v2\/posts"}],"about":[{"href":"https:\/\/www.athlestats.fr\/blog_uai_demi_fond\/index.php?rest_route=\/wp\/v2\/types\/post"}],"author":[{"embeddable":true,"href":"https:\/\/www.athlestats.fr\/blog_uai_demi_fond\/index.php?rest_route=\/wp\/v2\/users\/2"}],"replies":[{"embeddable":true,"href":"https:\/\/www.athlestats.fr\/blog_uai_demi_fond\/index.php?rest_route=%2Fwp%2Fv2%2Fcomments&post=13598"}],"version-history":[{"count":3,"href":"https:\/\/www.athlestats.fr\/blog_uai_demi_fond\/index.php?rest_route=\/wp\/v2\/posts\/13598\/revisions"}],"predecessor-version":[{"id":13602,"href":"https:\/\/www.athlestats.fr\/blog_uai_demi_fond\/index.php?rest_route=\/wp\/v2\/posts\/13598\/revisions\/13602"}],"wp:attachment":[{"href":"https:\/\/www.athlestats.fr\/blog_uai_demi_fond\/index.php?rest_route=%2Fwp%2Fv2%2Fmedia&parent=13598"}],"wp:term":[{"taxonomy":"category","embeddable":true,"href":"https:\/\/www.athlestats.fr\/blog_uai_demi_fond\/index.php?rest_route=%2Fwp%2Fv2%2Fcategories&post=13598"},{"taxonomy":"post_tag","embeddable":true,"href":"https:\/\/www.athlestats.fr\/blog_uai_demi_fond\/index.php?rest_route=%2Fwp%2Fv2%2Ftags&post=13598"}],"curies":[{"name":"wp","href":"https:\/\/api.w.org\/{rel}","templated":true}]}}