{"id":13535,"date":"2025-11-03T08:46:14","date_gmt":"2025-11-03T07:46:14","guid":{"rendered":"https:\/\/www.athlestats.fr\/blog_uai_demi_fond\/?p=13535"},"modified":"2025-11-08T13:14:11","modified_gmt":"2025-11-08T12:14:11","slug":"semi-marche-2025","status":"publish","type":"post","link":"https:\/\/www.athlestats.fr\/blog_uai_demi_fond\/?p=13535","title":{"rendered":"Semi-Marche 2025"},"content":{"rendered":"\n<p>Mardi 11 novembre se tiendra la 10\u00e8me \u00e9dition du meeting de marche de Nogent-sur-Marne. Tout se passe au Stade sous la Lune, \u00e0 Nogent-sur-Marne sur la piste. Nous avons besoin d\u2019une vingtaine de personnes pour organiser cet \u00e9v\u00e8nement.<\/p>\n\n\n\n<div data-wp-interactive=\"core\/file\" class=\"wp-block-file\"><object data-wp-bind--hidden=\"!state.hasPdfPreview\"  class=\"wp-block-file__embed\" data=\"https:\/\/www.athlestats.fr\/blog_uai_demi_fond\/wp-content\/uploads\/2025\/11\/AfficheMarcheSemi_2025.pdf\" type=\"application\/pdf\" style=\"width:100%;height:600px\" aria-label=\"Contenu embarqu\u00e9 AfficheMarcheSemi_2025.\"><\/object><a id=\"wp-block-file--media-9fef844a-1be8-46c5-bb33-674bbbc47373\" href=\"https:\/\/www.athlestats.fr\/blog_uai_demi_fond\/wp-content\/uploads\/2025\/11\/AfficheMarcheSemi_2025.pdf\">AfficheMarcheSemi_2025<\/a><a href=\"https:\/\/www.athlestats.fr\/blog_uai_demi_fond\/wp-content\/uploads\/2025\/11\/AfficheMarcheSemi_2025.pdf\" class=\"wp-block-file__button wp-element-button\" download aria-describedby=\"wp-block-file--media-9fef844a-1be8-46c5-bb33-674bbbc47373\">T\u00e9l\u00e9charger<\/a><\/div>\n\n\n\n<p>Alors, qui va faire quoi ?<\/p>\n\n\n\n<p>Responsable de la comp\u00e9tition : Cyril<br>Directeur de r\u00e9union : Dominique LECLERCQ<br>Secr\u00e9tariat (dossards &#8211; E-logica &#8211; Athl\u00e9 Live) : Jo\u00eblle BERNARD et Sylvie<br>Pointage informatique au clavier : Claude MAUNY, Alexis AUGER, Olivier Rasquin, Fran\u00e7ois Biron<br>Pointage (aboyeuse en cheffe) : Anne<br>Chronom\u00e9treurs : Claude MAUNY, Arnaud Anger, Djimathie, Antonin, Fran\u00e7ois Let<br>Starter : Michel M\u00c9CHARLE et\/ou \u00c9ric SWIDZINSKI<br>Compte-tours\/cloche : Alain DEGAND<br>Chef-juge : Fran\u00e7oise LAVILLE<br>Chef-juge 10 000 m + \u00e9preuves jeunes : Val\u00e9rie DESSIRIER tutor\u00e9e par Daniel THOREL<br>Chef-juge semi-marathon : Franck DESMONI\u00c8RE tutor\u00e9 par Jacqueline BOUILLIAT<br>Secr\u00e9taire des 2 chefs-juges : Dominique LECLERCQ<br>Juges de marche : Dominique PINON &#8211; \u00c9ric ZWIDZINSKI &#8211; Michel M\u00c9CHARLE &#8211; Patrick LEGENTIL &#8211; Shamseddine MONAYAJO &#8211; St\u00e9phane LABROUSSE &#8211; Raymond Langlois<br>Affichage des cartons rouges : Fabrice<br>Assistant zone de p\u00e9nalit\u00e9s (uniquement pour les jeunes) : Dominique LECLERCQ<br>Ramassage des cartons rouges (\u00e0 v\u00e9lo ou en trottinette) : Cl\u00e9mentine<br>Postes de rafra\u00eechissement et ravitaillement d\u00e9part\/arriv\u00e9e par l&rsquo;organisateur : Groupe Loisirs<br>Responsable du mat\u00e9riel : Cyril Pirali<br>Courses et pr\u00e9paration en amont de la comp\u00e9tition : Cyril<br>Installation du parcours et des barnums, signaleurs et aides diverses : Cyril, Alain, Djimathie, Antonin et tout le monde disponible<br>Courses enfants : Jessica, Oph\u00e9lie, Maiwenn et Floriane<br>Micro : Math\u00e9o<br>Protocole : Christophe C<br>R\u00e9compenses : V\u00e9ronique et Maiwenn<br>Caf\u00e9 \/ Buvette d\u2019hiver \/ Pot de l\u2019amiti\u00e9 \/ Consigne :\u00a0 Armelle, V\u00e9ronique, Solenn et Julien<br>Infirmi\u00e8re dipl\u00f4m\u00e9e : Armelle<br>Anti-dopage : Gilles S\u00e9chaud et l&rsquo;ACPJ<\/p>\n\n\n\n<p><strong>RDV pour tout le monde au stade \u00e0 8h<\/strong><\/p>\n\n\n\n<p>Verre de l\u2019amiti\u00e9 \u00e0 la fin de la comp\u00e9tition (vers 13h)<br>Merci \u00e0 tou(te)s pour votre aide !<\/p>\n","protected":false},"excerpt":{"rendered":"<p>Mardi 11 novembre se tiendra la 10\u00e8me \u00e9dition du meeting de marche de Nogent-sur-Marne. Tout se passe au Stade sous la Lune, \u00e0 Nogent-sur-Marne sur la piste. Nous avons besoin d\u2019une vingtaine de personnes pour organiser cet \u00e9v\u00e8nement. Alors, qui va faire quoi ? Responsable de la comp\u00e9tition : CyrilDirecteur de r\u00e9union : Dominique LECLERCQSecr\u00e9tariat [&hellip;]<\/p>\n","protected":false},"author":2,"featured_media":0,"comment_status":"open","ping_status":"open","sticky":false,"template":"","format":"standard","meta":{"footnotes":""},"categories":[4,23],"tags":[],"class_list":["post-13535","post","type-post","status-publish","format-standard","hentry","category-competitions","category-marche"],"_links":{"self":[{"href":"https:\/\/www.athlestats.fr\/blog_uai_demi_fond\/index.php?rest_route=\/wp\/v2\/posts\/13535"}],"collection":[{"href":"https:\/\/www.athlestats.fr\/blog_uai_demi_fond\/index.php?rest_route=\/wp\/v2\/posts"}],"about":[{"href":"https:\/\/www.athlestats.fr\/blog_uai_demi_fond\/index.php?rest_route=\/wp\/v2\/types\/post"}],"author":[{"embeddable":true,"href":"https:\/\/www.athlestats.fr\/blog_uai_demi_fond\/index.php?rest_route=\/wp\/v2\/users\/2"}],"replies":[{"embeddable":true,"href":"https:\/\/www.athlestats.fr\/blog_uai_demi_fond\/index.php?rest_route=%2Fwp%2Fv2%2Fcomments&post=13535"}],"version-history":[{"count":8,"href":"https:\/\/www.athlestats.fr\/blog_uai_demi_fond\/index.php?rest_route=\/wp\/v2\/posts\/13535\/revisions"}],"predecessor-version":[{"id":13552,"href":"https:\/\/www.athlestats.fr\/blog_uai_demi_fond\/index.php?rest_route=\/wp\/v2\/posts\/13535\/revisions\/13552"}],"wp:attachment":[{"href":"https:\/\/www.athlestats.fr\/blog_uai_demi_fond\/index.php?rest_route=%2Fwp%2Fv2%2Fmedia&parent=13535"}],"wp:term":[{"taxonomy":"category","embeddable":true,"href":"https:\/\/www.athlestats.fr\/blog_uai_demi_fond\/index.php?rest_route=%2Fwp%2Fv2%2Fcategories&post=13535"},{"taxonomy":"post_tag","embeddable":true,"href":"https:\/\/www.athlestats.fr\/blog_uai_demi_fond\/index.php?rest_route=%2Fwp%2Fv2%2Ftags&post=13535"}],"curies":[{"name":"wp","href":"https:\/\/api.w.org\/{rel}","templated":true}]}}