{"id":13513,"date":"2025-10-13T11:26:45","date_gmt":"2025-10-13T09:26:45","guid":{"rendered":"https:\/\/www.athlestats.fr\/blog_uai_demi_fond\/?p=13513"},"modified":"2025-10-13T11:34:05","modified_gmt":"2025-10-13T09:34:05","slug":"stage-dathletisme-du-23-au-30-avril-2026","status":"publish","type":"post","link":"https:\/\/www.athlestats.fr\/blog_uai_demi_fond\/?p=13513","title":{"rendered":"Stage d\u2019athl\u00e9tisme du 23 au 30 avril 2026"},"content":{"rendered":"\n<p>Cette saison, le club de l\u2019UAI Nogent repart \u00e0 Monte Gordo au Portugal (A\u00e9roport de Faro) pour son traditionnel stage de printemps.<\/p>\n\n\n\n<figure class=\"wp-block-image size-large\"><a href=\"https:\/\/www.athlestats.fr\/blog_uai_demi_fond\/wp-content\/uploads\/2025\/10\/unnamed.jpg\"><img loading=\"lazy\" decoding=\"async\" width=\"1024\" height=\"947\" src=\"https:\/\/www.athlestats.fr\/blog_uai_demi_fond\/wp-content\/uploads\/2025\/10\/unnamed-1024x947.jpg\" alt=\"\" class=\"wp-image-13514\" srcset=\"https:\/\/www.athlestats.fr\/blog_uai_demi_fond\/wp-content\/uploads\/2025\/10\/unnamed-1024x947.jpg 1024w, https:\/\/www.athlestats.fr\/blog_uai_demi_fond\/wp-content\/uploads\/2025\/10\/unnamed-300x277.jpg 300w, https:\/\/www.athlestats.fr\/blog_uai_demi_fond\/wp-content\/uploads\/2025\/10\/unnamed-768x710.jpg 768w, https:\/\/www.athlestats.fr\/blog_uai_demi_fond\/wp-content\/uploads\/2025\/10\/unnamed.jpg 1038w\" sizes=\"(max-width: 1024px) 100vw, 1024px\" \/><\/a><\/figure>\n\n\n\n<p>On reprend les m\u00eames et on recommence ! M\u00eame h\u00f4tel grand luxe et super restau, <strong><a href=\"https:\/\/www.hotelalcazaralgarve.com\/fr\/\" target=\"_blank\" rel=\"noreferrer noopener\">H\u00f4tel Alcazar<\/a><\/strong>.<\/p>\n\n\n\n<p>Toutes les infos ici :<\/p>\n\n\n\n<div data-wp-interactive=\"core\/file\" class=\"wp-block-file\"><object data-wp-bind--hidden=\"!state.hasPdfPreview\"  class=\"wp-block-file__embed\" data=\"https:\/\/www.athlestats.fr\/blog_uai_demi_fond\/wp-content\/uploads\/2025\/10\/Stage_Faro_2026.pdf\" type=\"application\/pdf\" style=\"width:100%;height:600px\" aria-label=\"Contenu embarqu\u00e9 Stage_Faro_2026.\"><\/object><a id=\"wp-block-file--media-7c403d71-9a3a-4f62-9ff5-d464fa1b1e92\" href=\"https:\/\/www.athlestats.fr\/blog_uai_demi_fond\/wp-content\/uploads\/2025\/10\/Stage_Faro_2026.pdf\">Stage_Faro_2026<\/a><a href=\"https:\/\/www.athlestats.fr\/blog_uai_demi_fond\/wp-content\/uploads\/2025\/10\/Stage_Faro_2026.pdf\" class=\"wp-block-file__button wp-element-button\" download aria-describedby=\"wp-block-file--media-7c403d71-9a3a-4f62-9ff5-d464fa1b1e92\">T\u00e9l\u00e9charger<\/a><\/div>\n\n\n\n<p>Inscription possible sur Mon Club, en \u00e9crivant \u00ab\u00a0stage\u00a0\u00bb dans le champ de recherche :<\/p>\n\n\n\n<p><a href=\"https:\/\/uai-nogent.monclub.app\/app\">https:\/\/uai-nogent.monclub.app\/app<\/a><\/p>\n","protected":false},"excerpt":{"rendered":"<p>Cette saison, le club de l\u2019UAI Nogent repart \u00e0 Monte Gordo au Portugal (A\u00e9roport de Faro) pour son traditionnel stage de printemps. On reprend les m\u00eames et on recommence ! M\u00eame h\u00f4tel grand luxe et super restau, H\u00f4tel Alcazar. Toutes les infos ici : Inscription possible sur Mon Club, en \u00e9crivant \u00ab\u00a0stage\u00a0\u00bb dans le champ [&hellip;]<\/p>\n","protected":false},"author":2,"featured_media":0,"comment_status":"open","ping_status":"open","sticky":false,"template":"","format":"standard","meta":{"footnotes":""},"categories":[12,3],"tags":[],"class_list":["post-13513","post","type-post","status-publish","format-standard","hentry","category-divers","category-entrainement"],"_links":{"self":[{"href":"https:\/\/www.athlestats.fr\/blog_uai_demi_fond\/index.php?rest_route=\/wp\/v2\/posts\/13513"}],"collection":[{"href":"https:\/\/www.athlestats.fr\/blog_uai_demi_fond\/index.php?rest_route=\/wp\/v2\/posts"}],"about":[{"href":"https:\/\/www.athlestats.fr\/blog_uai_demi_fond\/index.php?rest_route=\/wp\/v2\/types\/post"}],"author":[{"embeddable":true,"href":"https:\/\/www.athlestats.fr\/blog_uai_demi_fond\/index.php?rest_route=\/wp\/v2\/users\/2"}],"replies":[{"embeddable":true,"href":"https:\/\/www.athlestats.fr\/blog_uai_demi_fond\/index.php?rest_route=%2Fwp%2Fv2%2Fcomments&post=13513"}],"version-history":[{"count":2,"href":"https:\/\/www.athlestats.fr\/blog_uai_demi_fond\/index.php?rest_route=\/wp\/v2\/posts\/13513\/revisions"}],"predecessor-version":[{"id":13517,"href":"https:\/\/www.athlestats.fr\/blog_uai_demi_fond\/index.php?rest_route=\/wp\/v2\/posts\/13513\/revisions\/13517"}],"wp:attachment":[{"href":"https:\/\/www.athlestats.fr\/blog_uai_demi_fond\/index.php?rest_route=%2Fwp%2Fv2%2Fmedia&parent=13513"}],"wp:term":[{"taxonomy":"category","embeddable":true,"href":"https:\/\/www.athlestats.fr\/blog_uai_demi_fond\/index.php?rest_route=%2Fwp%2Fv2%2Fcategories&post=13513"},{"taxonomy":"post_tag","embeddable":true,"href":"https:\/\/www.athlestats.fr\/blog_uai_demi_fond\/index.php?rest_route=%2Fwp%2Fv2%2Ftags&post=13513"}],"curies":[{"name":"wp","href":"https:\/\/api.w.org\/{rel}","templated":true}]}}