{"id":13446,"date":"2025-08-09T10:46:27","date_gmt":"2025-08-09T08:46:27","guid":{"rendered":"https:\/\/www.athlestats.fr\/blog_uai_demi_fond\/?p=13446"},"modified":"2025-08-27T16:54:15","modified_gmt":"2025-08-27T14:54:15","slug":"saison-2025-2026","status":"publish","type":"post","link":"https:\/\/www.athlestats.fr\/blog_uai_demi_fond\/?p=13446","title":{"rendered":"Saison 2025 &#8211; 2026"},"content":{"rendered":"\n<p><strong>R\u00e9union d&rsquo;informations : mercredi 3 septembre \u00e0 19h au stade<\/strong><br><em>Pr\u00e9sentation de la saison \u00e0 venir et de ses nombreuses nouveaut\u00e9s. Pas d\u2019entra\u00eenement ce soir-l\u00e0, vous pouvez y assister en tenue de ville !<\/em><br><strong>Reprise des entra\u00eenements : vendredi 5 septembre<\/strong><\/p>\n\n\n\n<p><strong>Horaires d\u2019entra\u00eenements \u2013 Saison 2025-2026<\/strong><\/p>\n\n\n\n<p><strong>Lundi \u2013 19h00-21h00 \u2013 1\/2 fond Jeunes (2012-2004)<\/strong><br><em>U16 &#8211; Minimes \/ U18 &#8211; Cadets \/ U20 &#8211; Juniors \/ U23 &#8211; Espoirs<\/em><br>S\u00e9ance avec Nadir<\/p>\n\n\n\n<p><strong>Lundi \u2013 20h15-22h15<\/strong><br><em>Seniors \/ <\/em><em>Masters<\/em><br>S\u00e9ance avec Cyril<\/p>\n\n\n\n<p><strong>Mardi \u2013 18h30-20h30 \u2013 S\u00e9ance Technique<\/strong><br><em>Pour toutes et tous<\/em><br>S\u00e9ance avec Oph\u00e9lie ou Nadir<\/p>\n\n\n\n<p><strong>Mercredi \u2013 19h-21h<\/strong><br><em>Pour toutes et tous<\/em><br>S\u00e9ance avec Cyril<\/p>\n\n\n\n<p><strong>Vendredi \u2013 18h30-20h30<\/strong><br><em>Pour toutes et tous<\/em><br>S\u00e9ance avec Oph\u00e9lie<\/p>\n\n\n\n<p><strong>Dimanche \u2013 10h30-12h30<\/strong><br><em>Accessible \u00e0 partir de Juniors<\/em> \/ U18<br>Rendez-vous Footing libre<br><strong>ou<\/strong><br><em>Pour toutes et tous<\/em><br>S\u00e9ance avec Oph\u00e9lie<\/p>\n\n\n\n<figure class=\"wp-block-image size-large\"><img decoding=\"async\" src=\"https:\/\/img.lemde.fr\/2017\/09\/13\/0\/0\/3178\/2201\/556\/0\/75\/0\/f75f4a7_11635-17p3cig.erv3u9pb9.jpg\" alt=\"\"\/><\/figure>\n\n\n\n<p>Entra\u00eeneurs : Cyril Pirali \u2013 Oph\u00e9lie Vuillemin \u2013 Nadir Oughanem<\/p>\n\n\n\n<p><strong>Comment se licencier ? (en 2 mouvements) :<\/strong><\/p>\n\n\n\n<p><strong>1- Sur le site de l\u2019UAI (choisir inscription Demi Fond)<\/strong><br><a href=\"https:\/\/uai-nogent.monclub.app\/app\" target=\"_blank\" rel=\"noreferrer noopener\"><strong>Inscription obligatoire en ligne sur le site de l\u2019UAI<\/strong><\/a><br>Les inscriptions se feront sur un nouveau site MONCLUB accessible depuis le site de l\u2019UAI NOGENT. Il sera ainsi possible de r\u00e9gler votre cotisation en un ou trois pr\u00e9l\u00e8vements et obtenir directement votre facture si vous le souhaitez.<br>TARIFS 2025-2026 :<br>\u2013 260 \u20ac nouvel adh\u00e9rent<br>\u2013 220 \u20ac ancien adh\u00e9rent<br>\u2013 190 \u20ac \u00e9tudiant post-bac (sur pr\u00e9sentation justificatif)<\/p>\n\n\n\n<p><strong>2- Questionnaire de renouvellement de licence FFA<\/strong><br>Vous devez compl\u00e9ter le formulaire de renouvellement de licence disponible sur <a href=\"https:\/\/webservicesffa.athle.fr\/Siffa-Acteur2\/\" target=\"_blank\" rel=\"noreferrer noopener\"><strong>l\u2019espace licenci\u00e9<\/strong><\/a>. Le questionnaire m\u00e9dical est remplac\u00e9 par un Parcours Personnel Sant\u00e9 (PPS) \u00e0 effectuer obligatoirement pour les majeurs sur votre espace. <br><em>En cas d\u2019oubli de vos acc\u00e8s \u00e0 cet espace, merci d\u2019en informer les secr\u00e9taires Anne Boucharel ou Fabrice Gilles qui demanderont le renouvellement de votre acc\u00e8s aupr\u00e8s de la FFA. Pour les nouveaux adh\u00e9rents, l\u2019acc\u00e8s sera envoy\u00e9 automatiquement par le club par mail apr\u00e8s l&rsquo;inscription \u00e0 l&rsquo;UAI.<\/em><\/p>\n\n\n\n<p>Le document r\u00e9capitulatif de l\u2019inscription \u00e0 l&rsquo;UAI Nogent :<\/p>\n\n\n\n<div data-wp-interactive=\"core\/file\" class=\"wp-block-file\"><object data-wp-bind--hidden=\"!state.hasPdfPreview\"  class=\"wp-block-file__embed\" data=\"https:\/\/www.athlestats.fr\/blog_uai_demi_fond\/wp-content\/uploads\/2025\/08\/Inscriptions-UAI-2025.pdf\" type=\"application\/pdf\" style=\"width:100%;height:600px\" aria-label=\"Contenu embarqu\u00e9 Inscriptions UAI 2025.\"><\/object><a id=\"wp-block-file--media-cdbc83dd-e7aa-40ef-9c6c-b5663ab9e37b\" href=\"https:\/\/www.athlestats.fr\/blog_uai_demi_fond\/wp-content\/uploads\/2025\/08\/Inscriptions-UAI-2025.pdf\">Inscriptions UAI 2025<\/a><a href=\"https:\/\/www.athlestats.fr\/blog_uai_demi_fond\/wp-content\/uploads\/2025\/08\/Inscriptions-UAI-2025.pdf\" class=\"wp-block-file__button wp-element-button\" download aria-describedby=\"wp-block-file--media-cdbc83dd-e7aa-40ef-9c6c-b5663ab9e37b\">T\u00e9l\u00e9charger<\/a><\/div>\n\n\n\n<p>Bonnes fin de vacances et \u00e0 tr\u00e8s tr\u00e8s vite !<\/p>\n\n\n\n<h3 class=\"wp-block-heading\"><strong>A noter \u2013<\/strong><\/h3>\n\n\n\n<p><strong>C&rsquo;est bient\u00f4t la Nogent-Baltard, et nous avons besoin de vous pour l&rsquo;organisation ! <\/strong><br>Dimanche 28 septembre 2025<br><a href=\"https:\/\/la-nogent-baltard.fr\/wordpress\/\">https:\/\/la-nogent-baltard.fr\/wordpress\/<\/a><\/p>\n\n\n\n<p><strong>Rappel des cat\u00e9gories de la FFA<\/strong> (changement au 1er septembre 2025) :<br><a href=\"https:\/\/www.athle.fr\/asp.net\/main.html\/html.aspx?htmlid=25\" target=\"_blank\" rel=\"noreferrer noopener\">https:\/\/www.athle.fr\/asp.net\/main.html\/html.aspx?htmlid=25<\/a><br><\/p>\n\n\n\n<p><\/p>\n","protected":false},"excerpt":{"rendered":"<p>R\u00e9union d&rsquo;informations : mercredi 3 septembre \u00e0 19h au stadePr\u00e9sentation de la saison \u00e0 venir et de ses nombreuses nouveaut\u00e9s. Pas d\u2019entra\u00eenement ce soir-l\u00e0, vous pouvez y assister en tenue de ville !Reprise des entra\u00eenements : vendredi 5 septembre Horaires d\u2019entra\u00eenements \u2013 Saison 2025-2026 Lundi \u2013 19h00-21h00 \u2013 1\/2 fond Jeunes (2012-2004)U16 &#8211; Minimes \/ [&hellip;]<\/p>\n","protected":false},"author":2,"featured_media":0,"comment_status":"open","ping_status":"open","sticky":false,"template":"","format":"standard","meta":{"footnotes":""},"categories":[12,3,11],"tags":[],"class_list":["post-13446","post","type-post","status-publish","format-standard","hentry","category-divers","category-entrainement","category-horaires"],"_links":{"self":[{"href":"https:\/\/www.athlestats.fr\/blog_uai_demi_fond\/index.php?rest_route=\/wp\/v2\/posts\/13446"}],"collection":[{"href":"https:\/\/www.athlestats.fr\/blog_uai_demi_fond\/index.php?rest_route=\/wp\/v2\/posts"}],"about":[{"href":"https:\/\/www.athlestats.fr\/blog_uai_demi_fond\/index.php?rest_route=\/wp\/v2\/types\/post"}],"author":[{"embeddable":true,"href":"https:\/\/www.athlestats.fr\/blog_uai_demi_fond\/index.php?rest_route=\/wp\/v2\/users\/2"}],"replies":[{"embeddable":true,"href":"https:\/\/www.athlestats.fr\/blog_uai_demi_fond\/index.php?rest_route=%2Fwp%2Fv2%2Fcomments&post=13446"}],"version-history":[{"count":13,"href":"https:\/\/www.athlestats.fr\/blog_uai_demi_fond\/index.php?rest_route=\/wp\/v2\/posts\/13446\/revisions"}],"predecessor-version":[{"id":13463,"href":"https:\/\/www.athlestats.fr\/blog_uai_demi_fond\/index.php?rest_route=\/wp\/v2\/posts\/13446\/revisions\/13463"}],"wp:attachment":[{"href":"https:\/\/www.athlestats.fr\/blog_uai_demi_fond\/index.php?rest_route=%2Fwp%2Fv2%2Fmedia&parent=13446"}],"wp:term":[{"taxonomy":"category","embeddable":true,"href":"https:\/\/www.athlestats.fr\/blog_uai_demi_fond\/index.php?rest_route=%2Fwp%2Fv2%2Fcategories&post=13446"},{"taxonomy":"post_tag","embeddable":true,"href":"https:\/\/www.athlestats.fr\/blog_uai_demi_fond\/index.php?rest_route=%2Fwp%2Fv2%2Ftags&post=13446"}],"curies":[{"name":"wp","href":"https:\/\/api.w.org\/{rel}","templated":true}]}}