{"id":13166,"date":"2025-01-04T17:05:39","date_gmt":"2025-01-04T16:05:39","guid":{"rendered":"https:\/\/www.athlestats.fr\/blog_uai_demi_fond\/?p=13166"},"modified":"2025-01-10T09:22:17","modified_gmt":"2025-01-10T08:22:17","slug":"championnats-departementaux-de-cross-country-2025","status":"publish","type":"post","link":"https:\/\/www.athlestats.fr\/blog_uai_demi_fond\/?p=13166","title":{"rendered":"Championnats D\u00e9partementaux de Cross-Country 2025"},"content":{"rendered":"\n<h4 class=\"wp-block-heading\">Dimanche 12 janvier 2025<br>au Parc de D\u00e9tente et de Loisirs du Tremblay<br>Champigny-sur-Marne<\/h4>\n\n\n\n<h4 class=\"wp-block-heading\">RDV \u00e0 8H15 au stade sous la Lune pour nous aider \u00e0 l\u2019installation du camp<br>ou bien sur place 1 heure 15 avant votre course (mais venez encourager les copines et les copains avant et apr\u00e8s votre course)<\/h4>\n\n\n\n<p>Nous esp\u00e9rons que tout le monde sera pr\u00e9sent pour ce grand rendez-vous hivernal incontournable. La meilleure pr\u00e9paration possible \u00e0 toutes les courses du Monde.<\/p>\n\n\n\n<figure class=\"wp-block-image size-full\"><a href=\"https:\/\/www.athlestats.fr\/blog_uai_demi_fond\/wp-content\/uploads\/2025\/01\/Greg.jpg\"><img loading=\"lazy\" decoding=\"async\" width=\"665\" height=\"793\" src=\"https:\/\/www.athlestats.fr\/blog_uai_demi_fond\/wp-content\/uploads\/2025\/01\/Greg.jpg\" alt=\"\" class=\"wp-image-13168\" srcset=\"https:\/\/www.athlestats.fr\/blog_uai_demi_fond\/wp-content\/uploads\/2025\/01\/Greg.jpg 665w, https:\/\/www.athlestats.fr\/blog_uai_demi_fond\/wp-content\/uploads\/2025\/01\/Greg-252x300.jpg 252w\" sizes=\"(max-width: 665px) 100vw, 665px\" \/><\/a><\/figure>\n\n\n\n<p>En plus, je suis certain que dans vos r\u00e9solutions du nouvel an, il y avait sans doute quelque chose qui ressemblait \u00e0 \u00ab\u00a0M&rsquo;entrainez plus !\u00a0\u00bb ou \u00ab\u00a0Retourner vite \u00e0 l&rsquo;UAI car ils \u00e9taient sympa quand m\u00eame mais j&rsquo;ai un peu peur de revenir&#8230;\u00a0\u00bb. Et bien, c&rsquo;est le moment ! C&rsquo;est aussi l&rsquo;occasion de raccrocher les wagons de la pr\u00e9paration hivernale !<\/p>\n\n\n\n<p><a href=\"https:\/\/www.athle.fr\/asp.net\/main.news\/news.aspx?newsid=8752\" data-type=\"link\" data-id=\"https:\/\/www.athle.fr\/asp.net\/main.news\/news.aspx?newsid=8752\" target=\"_blank\" rel=\"noreferrer noopener\">Une petite interview d&rsquo;Annette Sergent pour vous motiver (double championne du monde de cross en 1987 et 1989, m\u00e9daill\u00e9e de bronze sur 10000 m aux championnats d\u2019Europe de 1990, trois participations aux JO, mais apr\u00e8s c\u2019est vrai on peut ne pas la croire\u2026).<\/a><\/p>\n\n\n\n<p>Le choix donc n\u2019est pas d\u2019y participer, car on mise sur le fait que <strong>TOUT LE MONDE<\/strong> va venir (je me r\u00e9p\u00e8te) mais de savoir si les Espoirs\/Seniors\/Masters, Filles et Hommes, choisissent de courir le cross court (4090m) ou le cross long (plus long !).<\/p>\n\n\n\n<p>En r\u00e9sum\u00e9 :<\/p>\n\n\n\n<p><strong>\u2013 Vous \u00eates cadettes, cadets, juniors femme ou homme : Rien \u00e0 choisir, vous serez inscrits sur votre \u00e9preuve.<br>\u2013 Vous \u00eates espoirs, seniors ou masters femme : A vous de me dire si vous voulez courir le cross court ou le cross long.<br>\u2013 Vous \u00eates espoirs, seniors, masters 0 homme : A vous de me dire si vous voulez courir le cross court ou le cross long.<br>\u2013 Vous \u00eates masters 1 ou plus homme (n\u00e9 en 1985 ou avant) : A vous de me dire si vous voulez courir le cross court, mais attention, c\u2019est rapide mais c&rsquo;est possible.<\/strong><\/p>\n\n\n\n<p>Merci de vite vous d\u00e9clarer sur le sondage du groupe WhatsApp avant jeudi 9 janvier, midi.<\/p>\n\n\n\n<p>Un petit groupe d&rsquo;athl\u00e8tes (Anne, Armelle, Sophie C, V\u00e9ronique, Fred et Djimathie) ont obtenu un bon de sortie et sont invit\u00e9s \u00e0 Yverdon (ville jumel\u00e9e avec Nogent) pour participer \u00e0 la <a href=\"https:\/\/www.labr.ch\/accueil\" data-type=\"link\" data-id=\"https:\/\/www.labr.ch\/accueil\" target=\"_blank\" rel=\"noreferrer noopener\">Course de la Bonne R\u00e9solution<\/a> le m\u00eame jour. Merci pour leur aide pr\u00e9cieuse depuis des ann\u00e9es. <\/p>\n\n\n\n<p><a href=\"http:\/\/cda94.athle.com\/upload\/ssites\/001309\/horaires\/dptx_cross\/horaires_cross_2025-complet.pdf\" target=\"_blank\" rel=\"noreferrer noopener\">Les horaires\u2026<\/a><\/p>\n\n\n\n<p><a href=\"http:\/\/cda94.athle.com\/upload\/ssites\/001309\/horaires\/parcours_2025_v2.pdf\" target=\"_blank\" rel=\"noreferrer noopener\">Le parcours\u2026<\/a><\/p>\n\n\n\n<p><a href=\"https:\/\/athle.live\/challenge\/67572d890a3b6c498c0d6a6c\" data-type=\"link\" data-id=\"https:\/\/athle.live\/challenge\/67572d890a3b6c498c0d6a6c\" target=\"_blank\" rel=\"noreferrer noopener\">Les engag\u00e9s&#8230;<\/a><\/p>\n\n\n\n<p><strong>Qualifications pour les Championnats R\u00e9gionaux :<\/strong><\/p>\n\n\n\n<p>CADETTES : 56<br>CADETS : 35<br>JUNIORS F : 35<br>JUNIORS H : 35<br>CROSS COURT FEMMES : 58<br>CROSS COURT HOMMES : 45<br>ELITE FEMMES : 55<br>ELITE HOMMES : 66<br>MASTERS HOMMES : 77<br>A noter :<br>Si le premier des cat\u00e9gories M2 \u00e0 M10 des courses \u00ab Masters 1 et + Hommes \u00bb et \u00ab Cross Long femmes \u00bb de chaque d\u00e9partement ne sont pas dans les quotas de qualifications, ils seront ajout\u00e9s aux qualifi\u00e9s.<br>L\u2019ensemble des Espoirs participants aux championnats d\u00e9partementaux sur les \u00ab Cross Court \u00bb et \u00ab Cross Long \u00bb hommes et femmes seront qualifi\u00e9s pour les Championnats R\u00e9gionaux<br>Pour les courses \u00ab Cross long Hommes \u00bb et \u00ab Cross Long Femmes \u00bb, les quotas indiqu\u00e9s incluent les athl\u00e8tes des cat\u00e9gories Seniors et M0 pour les hommes et Seniors et Masters pour les femmes.<\/p>\n\n\n\n<p><strong><em>Et si jamais, le Comit\u00e9 du Val-de-Marne a besoin de b\u00e9n\u00e9voles pour aider \u00e0 l&rsquo;installation du parcours.<br>Le rendez-vous : Samedi 11 janvier, 13h30 pour la mise en place \/ tra\u00e7age du parcours au Parc du Tremblay. Merci.<\/em><\/strong><\/p>\n","protected":false},"excerpt":{"rendered":"<p>Dimanche 12 janvier 2025au Parc de D\u00e9tente et de Loisirs du TremblayChampigny-sur-Marne RDV \u00e0 8H15 au stade sous la Lune pour nous aider \u00e0 l\u2019installation du campou bien sur place 1 heure 15 avant votre course (mais venez encourager les copines et les copains avant et apr\u00e8s votre course) Nous esp\u00e9rons que tout le monde [&hellip;]<\/p>\n","protected":false},"author":2,"featured_media":0,"comment_status":"open","ping_status":"open","sticky":false,"template":"","format":"standard","meta":{"footnotes":""},"categories":[4,7],"tags":[],"class_list":["post-13166","post","type-post","status-publish","format-standard","hentry","category-competitions","category-cross"],"_links":{"self":[{"href":"https:\/\/www.athlestats.fr\/blog_uai_demi_fond\/index.php?rest_route=\/wp\/v2\/posts\/13166"}],"collection":[{"href":"https:\/\/www.athlestats.fr\/blog_uai_demi_fond\/index.php?rest_route=\/wp\/v2\/posts"}],"about":[{"href":"https:\/\/www.athlestats.fr\/blog_uai_demi_fond\/index.php?rest_route=\/wp\/v2\/types\/post"}],"author":[{"embeddable":true,"href":"https:\/\/www.athlestats.fr\/blog_uai_demi_fond\/index.php?rest_route=\/wp\/v2\/users\/2"}],"replies":[{"embeddable":true,"href":"https:\/\/www.athlestats.fr\/blog_uai_demi_fond\/index.php?rest_route=%2Fwp%2Fv2%2Fcomments&post=13166"}],"version-history":[{"count":6,"href":"https:\/\/www.athlestats.fr\/blog_uai_demi_fond\/index.php?rest_route=\/wp\/v2\/posts\/13166\/revisions"}],"predecessor-version":[{"id":13178,"href":"https:\/\/www.athlestats.fr\/blog_uai_demi_fond\/index.php?rest_route=\/wp\/v2\/posts\/13166\/revisions\/13178"}],"wp:attachment":[{"href":"https:\/\/www.athlestats.fr\/blog_uai_demi_fond\/index.php?rest_route=%2Fwp%2Fv2%2Fmedia&parent=13166"}],"wp:term":[{"taxonomy":"category","embeddable":true,"href":"https:\/\/www.athlestats.fr\/blog_uai_demi_fond\/index.php?rest_route=%2Fwp%2Fv2%2Fcategories&post=13166"},{"taxonomy":"post_tag","embeddable":true,"href":"https:\/\/www.athlestats.fr\/blog_uai_demi_fond\/index.php?rest_route=%2Fwp%2Fv2%2Ftags&post=13166"}],"curies":[{"name":"wp","href":"https:\/\/api.w.org\/{rel}","templated":true}]}}