{"id":13134,"date":"2024-12-23T15:01:35","date_gmt":"2024-12-23T14:01:35","guid":{"rendered":"https:\/\/www.athlestats.fr\/blog_uai_demi_fond\/?p=13134"},"modified":"2024-12-23T15:01:35","modified_gmt":"2024-12-23T14:01:35","slug":"sortie-trail-de-jullouvile","status":"publish","type":"post","link":"https:\/\/www.athlestats.fr\/blog_uai_demi_fond\/?p=13134","title":{"rendered":"Sortie Trail de Jullouvile"},"content":{"rendered":"\n<p>Cette ann\u00e9e, nous organisons la sortie officielle de l\u2019UAI ! Le principe ? Un weekend d\u00e9di\u00e9 \u00e0 ce qui nous unit le plus : des bons moments et de la course \u00e0 pied.<\/p>\n\n\n\n<p>On vous propose donc de participer ensemble au trail de Jullouville pour courir une soir\u00e9e d&rsquo;\u00e9t\u00e9 sur les chemins de Normandie, partag\u00e9s entre mer et campagne. Les chemins s&rsquo;enfoncent dans l&rsquo;arri\u00e8re-pays et se terminent par les petits chemins c\u00f4tiers avec un d\u00e9but de couch\u00e9 de soleil.<\/p>\n\n\n\n<figure class=\"wp-block-gallery has-nested-images columns-default is-cropped wp-block-gallery-1 is-layout-flex wp-block-gallery-is-layout-flex\">\n<figure class=\"wp-block-image size-large\"><a href=\"https:\/\/www.athlestats.fr\/blog_uai_demi_fond\/wp-content\/uploads\/2024\/12\/b3455f13-bce6-4ab1-ab37-521b63cbc668.jpg\"><img loading=\"lazy\" decoding=\"async\" width=\"724\" height=\"1024\" data-id=\"13135\" src=\"https:\/\/www.athlestats.fr\/blog_uai_demi_fond\/wp-content\/uploads\/2024\/12\/b3455f13-bce6-4ab1-ab37-521b63cbc668-724x1024.jpg\" alt=\"\" class=\"wp-image-13135\" srcset=\"https:\/\/www.athlestats.fr\/blog_uai_demi_fond\/wp-content\/uploads\/2024\/12\/b3455f13-bce6-4ab1-ab37-521b63cbc668-724x1024.jpg 724w, https:\/\/www.athlestats.fr\/blog_uai_demi_fond\/wp-content\/uploads\/2024\/12\/b3455f13-bce6-4ab1-ab37-521b63cbc668-212x300.jpg 212w, https:\/\/www.athlestats.fr\/blog_uai_demi_fond\/wp-content\/uploads\/2024\/12\/b3455f13-bce6-4ab1-ab37-521b63cbc668-768x1086.jpg 768w, https:\/\/www.athlestats.fr\/blog_uai_demi_fond\/wp-content\/uploads\/2024\/12\/b3455f13-bce6-4ab1-ab37-521b63cbc668-1086x1536.jpg 1086w, https:\/\/www.athlestats.fr\/blog_uai_demi_fond\/wp-content\/uploads\/2024\/12\/b3455f13-bce6-4ab1-ab37-521b63cbc668.jpg 1131w\" sizes=\"(max-width: 724px) 100vw, 724px\" \/><\/a><\/figure>\n<\/figure>\n\n\n\n<p><strong>3 courses sont propos\u00e9es le vendredi 13 juin :\u00a0<\/strong><\/p>\n\n\n\n<p>&#8211; <strong>La boucle des pins : 8km<\/strong> \u00e0 travers les sentiers de Jullouville et les vall\u00e9es des alentours. D\u00e9part 19h.<\/p>\n\n\n\n<p>&#8211; <strong>La vauban : 12km<\/strong> \u00e0 travers les chemins, bois et sentiers c\u00f4tiers. D\u00e9part 19h30.<\/p>\n\n\n\n<p>&#8211; <strong>La terre et mer : 18 km<\/strong> o\u00f9 mont\u00e9es et descentes sur les hauteurs de Jullouville s\u2019enchaineront. D\u00e9part 20h.<\/p>\n\n\n\n<p>Pour en savoir plus : <a target=\"_blank\" href=\"https:\/\/www.trail-jullouville.fr\/\" rel=\"noreferrer noopener\">https:\/\/www.trail-jullouville.fr\/<\/a><\/p>\n\n\n\n<p><strong>AU PROGRAMME DE CE WEEKEND<\/strong><\/p>\n\n\n\n<p>Vendredi 13 juin :\u00a0<br>13h : d\u00e9part commun en TER de Paris jusqu\u2019\u00e0 Granville puis navette jusqu\u2019\u00e0 Jullouville ou d\u00e9part en autonomie.<br>19h : D\u00e9part de la premi\u00e8re course.<br>22h : Restaurant avec l\u2019ensemble du groupe.<\/p>\n\n\n\n<p>Samedi 14 juin :\u00a0<br>11h : footing de r\u00e9cup\u00e9ration et s\u00e9ance d\u2019\u00e9tirements collectif<br>13h : pique-nique sur la plage<br>15h : en fonction de chacun prolongation du weekend ou retour \u00e0 Paris<\/p>\n\n\n\n<p><strong>INFORMATIONS PRATIQUES :<\/strong><\/p>\n\n\n\n<p>&#8211; Les frais d&rsquo;inscriptions \u00e0 la course seront pris en charge par le club<br>&#8211; Les frais de d\u00e9placement et restauration seront \u00e0 la charge de chacun<br>&#8211; Une solution de logement commun pour le vendredi soir sera propos\u00e9e une fois le nombre de participants \u00e9tabli<br>&#8211; Un groupe Whatsapp sera cr\u00e9\u00e9 pour l\u2019organisation commune<\/p>\n\n\n\n<p><strong><em>R\u00e9ponse requise sur le sondage Whatsapp d\u00e9di\u00e9 avant le 31 janvier 2025, 23h59.<\/em><\/strong><\/p>\n","protected":false},"excerpt":{"rendered":"<p>Cette ann\u00e9e, nous organisons la sortie officielle de l\u2019UAI ! Le principe ? Un weekend d\u00e9di\u00e9 \u00e0 ce qui nous unit le plus : des bons moments et de la course \u00e0 pied. On vous propose donc de participer ensemble au trail de Jullouville pour courir une soir\u00e9e d&rsquo;\u00e9t\u00e9 sur les chemins de Normandie, partag\u00e9s [&hellip;]<\/p>\n","protected":false},"author":2,"featured_media":0,"comment_status":"open","ping_status":"open","sticky":false,"template":"","format":"standard","meta":{"footnotes":""},"categories":[4,13],"tags":[],"class_list":["post-13134","post","type-post","status-publish","format-standard","hentry","category-competitions","category-trail"],"_links":{"self":[{"href":"https:\/\/www.athlestats.fr\/blog_uai_demi_fond\/index.php?rest_route=\/wp\/v2\/posts\/13134"}],"collection":[{"href":"https:\/\/www.athlestats.fr\/blog_uai_demi_fond\/index.php?rest_route=\/wp\/v2\/posts"}],"about":[{"href":"https:\/\/www.athlestats.fr\/blog_uai_demi_fond\/index.php?rest_route=\/wp\/v2\/types\/post"}],"author":[{"embeddable":true,"href":"https:\/\/www.athlestats.fr\/blog_uai_demi_fond\/index.php?rest_route=\/wp\/v2\/users\/2"}],"replies":[{"embeddable":true,"href":"https:\/\/www.athlestats.fr\/blog_uai_demi_fond\/index.php?rest_route=%2Fwp%2Fv2%2Fcomments&post=13134"}],"version-history":[{"count":2,"href":"https:\/\/www.athlestats.fr\/blog_uai_demi_fond\/index.php?rest_route=\/wp\/v2\/posts\/13134\/revisions"}],"predecessor-version":[{"id":13137,"href":"https:\/\/www.athlestats.fr\/blog_uai_demi_fond\/index.php?rest_route=\/wp\/v2\/posts\/13134\/revisions\/13137"}],"wp:attachment":[{"href":"https:\/\/www.athlestats.fr\/blog_uai_demi_fond\/index.php?rest_route=%2Fwp%2Fv2%2Fmedia&parent=13134"}],"wp:term":[{"taxonomy":"category","embeddable":true,"href":"https:\/\/www.athlestats.fr\/blog_uai_demi_fond\/index.php?rest_route=%2Fwp%2Fv2%2Fcategories&post=13134"},{"taxonomy":"post_tag","embeddable":true,"href":"https:\/\/www.athlestats.fr\/blog_uai_demi_fond\/index.php?rest_route=%2Fwp%2Fv2%2Ftags&post=13134"}],"curies":[{"name":"wp","href":"https:\/\/api.w.org\/{rel}","templated":true}]}}