{"id":13079,"date":"2024-11-14T19:14:54","date_gmt":"2024-11-14T18:14:54","guid":{"rendered":"https:\/\/www.athlestats.fr\/blog_uai_demi_fond\/?p=13079"},"modified":"2024-11-14T19:28:11","modified_gmt":"2024-11-14T18:28:11","slug":"stage-dathletisme-du-17-au-24-avril-2025","status":"publish","type":"post","link":"https:\/\/www.athlestats.fr\/blog_uai_demi_fond\/?p=13079","title":{"rendered":"Stage d\u2019athl\u00e9tisme du 17 au 24 avril 2025"},"content":{"rendered":"\n<p>Cette saison, le club de l\u2019UAI Nogent repart \u00e0 Monte Gordo au Portugal (A\u00e9roport de Faro) pour son traditionnel stage de printemps.<\/p>\n\n\n\n<figure class=\"wp-block-image size-large\"><a href=\"https:\/\/www.athlestats.fr\/blog_uai_demi_fond\/wp-content\/uploads\/2024\/11\/03d9307a-c309-419a-ab43-893b9816af3f.jpg\"><img loading=\"lazy\" decoding=\"async\" width=\"1024\" height=\"460\" src=\"https:\/\/www.athlestats.fr\/blog_uai_demi_fond\/wp-content\/uploads\/2024\/11\/03d9307a-c309-419a-ab43-893b9816af3f-1024x460.jpg\" alt=\"\" class=\"wp-image-13084\" srcset=\"https:\/\/www.athlestats.fr\/blog_uai_demi_fond\/wp-content\/uploads\/2024\/11\/03d9307a-c309-419a-ab43-893b9816af3f-1024x460.jpg 1024w, https:\/\/www.athlestats.fr\/blog_uai_demi_fond\/wp-content\/uploads\/2024\/11\/03d9307a-c309-419a-ab43-893b9816af3f-300x135.jpg 300w, https:\/\/www.athlestats.fr\/blog_uai_demi_fond\/wp-content\/uploads\/2024\/11\/03d9307a-c309-419a-ab43-893b9816af3f-768x345.jpg 768w, https:\/\/www.athlestats.fr\/blog_uai_demi_fond\/wp-content\/uploads\/2024\/11\/03d9307a-c309-419a-ab43-893b9816af3f-1536x690.jpg 1536w, https:\/\/www.athlestats.fr\/blog_uai_demi_fond\/wp-content\/uploads\/2024\/11\/03d9307a-c309-419a-ab43-893b9816af3f.jpg 1600w\" sizes=\"(max-width: 1024px) 100vw, 1024px\" \/><\/a><\/figure>\n\n\n\n<p>On reprend les m\u00eames et on recommence ! M\u00eame h\u00f4tel grand luxe et super restau, <strong><a href=\"https:\/\/www.hotelalcazaralgarve.com\/fr\/\" target=\"_blank\" rel=\"noreferrer noopener\">H\u00f4tel Alcazar<\/a><\/strong>.<\/p>\n\n\n\n<p>Toutes les infos ici :<\/p>\n\n\n\n<div data-wp-interactive=\"core\/file\" class=\"wp-block-file\"><object data-wp-bind--hidden=\"!state.hasPdfPreview\"  class=\"wp-block-file__embed\" data=\"https:\/\/www.athlestats.fr\/blog_uai_demi_fond\/wp-content\/uploads\/2024\/11\/Stage_Faro_2025.pdf\" type=\"application\/pdf\" style=\"width:100%;height:600px\" aria-label=\"Contenu embarqu\u00e9 Stage_Faro_2025.\"><\/object><a id=\"wp-block-file--media-c20afd76-dfff-4fe2-9d43-42f8511167b6\" href=\"https:\/\/www.athlestats.fr\/blog_uai_demi_fond\/wp-content\/uploads\/2024\/11\/Stage_Faro_2025.pdf\">Stage_Faro_2025<\/a><a href=\"https:\/\/www.athlestats.fr\/blog_uai_demi_fond\/wp-content\/uploads\/2024\/11\/Stage_Faro_2025.pdf\" class=\"wp-block-file__button wp-element-button\" download aria-describedby=\"wp-block-file--media-c20afd76-dfff-4fe2-9d43-42f8511167b6\">T\u00e9l\u00e9charger<\/a><\/div>\n\n\n\n<p>Inscription possible sur Mon Club, en \u00e9crivant stage dans le champ de recherche :<\/p>\n\n\n\n<p><a href=\"https:\/\/uai-nogent.monclub.app\/app\">https:\/\/uai-nogent.monclub.app\/app<\/a><\/p>\n\n\n\n<p><strong>Le Voyage s\u2019effectuera en avion<\/strong>. <strong>La r\u00e9servation de l\u2019avion est \u00e0 votre charge. (Entre 200 et 300 euros).<\/strong><br><strong>Les vols propos\u00e9s :<\/strong><br><strong>Aller Jeudi 17 Avril<\/strong><br>Orly \u2013 Faro \u00e0 06h50 \u2013 Compagnie EasyJet \u2013 Vol num\u00e9ro <strong>EJU4833<\/strong><br><strong>Retour Jeudi 24 Avril<br><\/strong>Faro \u2013 Orly \u00e0 8h55 \u2013 Compagnie Easy Jet \u2013 Vol num\u00e9ro EJU4834<\/p>\n","protected":false},"excerpt":{"rendered":"<p>Cette saison, le club de l\u2019UAI Nogent repart \u00e0 Monte Gordo au Portugal (A\u00e9roport de Faro) pour son traditionnel stage de printemps. On reprend les m\u00eames et on recommence ! M\u00eame h\u00f4tel grand luxe et super restau, H\u00f4tel Alcazar. Toutes les infos ici : Inscription possible sur Mon Club, en \u00e9crivant stage dans le champ [&hellip;]<\/p>\n","protected":false},"author":2,"featured_media":0,"comment_status":"open","ping_status":"open","sticky":false,"template":"","format":"standard","meta":{"footnotes":""},"categories":[12,3],"tags":[],"class_list":["post-13079","post","type-post","status-publish","format-standard","hentry","category-divers","category-entrainement"],"_links":{"self":[{"href":"https:\/\/www.athlestats.fr\/blog_uai_demi_fond\/index.php?rest_route=\/wp\/v2\/posts\/13079"}],"collection":[{"href":"https:\/\/www.athlestats.fr\/blog_uai_demi_fond\/index.php?rest_route=\/wp\/v2\/posts"}],"about":[{"href":"https:\/\/www.athlestats.fr\/blog_uai_demi_fond\/index.php?rest_route=\/wp\/v2\/types\/post"}],"author":[{"embeddable":true,"href":"https:\/\/www.athlestats.fr\/blog_uai_demi_fond\/index.php?rest_route=\/wp\/v2\/users\/2"}],"replies":[{"embeddable":true,"href":"https:\/\/www.athlestats.fr\/blog_uai_demi_fond\/index.php?rest_route=%2Fwp%2Fv2%2Fcomments&post=13079"}],"version-history":[{"count":4,"href":"https:\/\/www.athlestats.fr\/blog_uai_demi_fond\/index.php?rest_route=\/wp\/v2\/posts\/13079\/revisions"}],"predecessor-version":[{"id":13085,"href":"https:\/\/www.athlestats.fr\/blog_uai_demi_fond\/index.php?rest_route=\/wp\/v2\/posts\/13079\/revisions\/13085"}],"wp:attachment":[{"href":"https:\/\/www.athlestats.fr\/blog_uai_demi_fond\/index.php?rest_route=%2Fwp%2Fv2%2Fmedia&parent=13079"}],"wp:term":[{"taxonomy":"category","embeddable":true,"href":"https:\/\/www.athlestats.fr\/blog_uai_demi_fond\/index.php?rest_route=%2Fwp%2Fv2%2Fcategories&post=13079"},{"taxonomy":"post_tag","embeddable":true,"href":"https:\/\/www.athlestats.fr\/blog_uai_demi_fond\/index.php?rest_route=%2Fwp%2Fv2%2Ftags&post=13079"}],"curies":[{"name":"wp","href":"https:\/\/api.w.org\/{rel}","templated":true}]}}