{"id":13040,"date":"2024-11-03T10:15:45","date_gmt":"2024-11-03T09:15:45","guid":{"rendered":"https:\/\/www.athlestats.fr\/blog_uai_demi_fond\/?p=13040"},"modified":"2024-11-07T22:40:21","modified_gmt":"2024-11-07T21:40:21","slug":"3eme-cross-de-lasfi-villejuif","status":"publish","type":"post","link":"https:\/\/www.athlestats.fr\/blog_uai_demi_fond\/?p=13040","title":{"rendered":"3\u00e8me cross de l&rsquo;ASFI Villejuif"},"content":{"rendered":"\n<p><strong>Dimanche 10 novembre 2224<br>Stade Louis Dolly \u2013 Parc D\u00e9partemental des Hautes Bruy\u00e8res<br>22 rue Auguste Perret<br>Villejuif<\/strong><br><em>Le club prend en charge les modalit\u00e9s et les frais d\u2019engagement de cette comp\u00e9tition si r\u00e9ponse sur le sondage WhatsApp, imp\u00e9rativement avant le jeudi 07\/11\/2024 \u2013 20h.<br><\/em><strong>RDV sur place \u00e0 11h45<br><\/strong><a href=\"https:\/\/www.asfivillejuif.com\/wp-content\/uploads\/go-x\/u\/ff5f04cc-e03e-43bd-9790-e7329a666aeb\/image.jpg\" target=\"_blank\" rel=\"noreferrer noopener\">Au programme, deux Cross Courts de 4000m, Hommes et Femmes, toutes cat\u00e9gories, excellent pour commencer la saison de cross en douceur (et en glissade) !<\/a><\/p>\n\n\n\n<figure class=\"wp-block-image size-large\"><a href=\"https:\/\/www.athlestats.fr\/blog_uai_demi_fond\/wp-content\/uploads\/2024\/11\/ece4e06d-2893-4640-98da-173a8df498b3.jpeg\"><img loading=\"lazy\" decoding=\"async\" width=\"768\" height=\"1024\" src=\"https:\/\/www.athlestats.fr\/blog_uai_demi_fond\/wp-content\/uploads\/2024\/11\/ece4e06d-2893-4640-98da-173a8df498b3-768x1024.jpeg\" alt=\"\" class=\"wp-image-13045\" srcset=\"https:\/\/www.athlestats.fr\/blog_uai_demi_fond\/wp-content\/uploads\/2024\/11\/ece4e06d-2893-4640-98da-173a8df498b3-768x1024.jpeg 768w, https:\/\/www.athlestats.fr\/blog_uai_demi_fond\/wp-content\/uploads\/2024\/11\/ece4e06d-2893-4640-98da-173a8df498b3-225x300.jpeg 225w, https:\/\/www.athlestats.fr\/blog_uai_demi_fond\/wp-content\/uploads\/2024\/11\/ece4e06d-2893-4640-98da-173a8df498b3-1152x1536.jpeg 1152w, https:\/\/www.athlestats.fr\/blog_uai_demi_fond\/wp-content\/uploads\/2024\/11\/ece4e06d-2893-4640-98da-173a8df498b3.jpeg 1536w\" sizes=\"(max-width: 768px) 100vw, 768px\" \/><\/a><\/figure>\n\n\n\n<p>Toutes les infos : <br><strong><a href=\"https:\/\/www.asfivillejuif.com\/cross\/\" target=\"_blank\" rel=\"noreferrer noopener\">CROSS DE L\u2019ASFI VILLEJUIF ATHLETISME<\/a><\/strong><\/p>\n\n\n\n<p>Les engag\u00e9s sur les deux cross courts :<br>BLUMZAK Titouan<br>CODRON Romain<br>DOUSSAT Sylvain<br>CHIECCHIO Matteo<br>DELESQUE Alexandre<br>GUEMAZ Medi<br>VANLERBERGHE Julien<br>BOUCHAREL Anne<br>MARZEK Julie<br>VANLERBERGHE Solenn<br>DI GIOVANNI Valentine<br>NOIREZ Lise<br>VIDAL Floriane<\/p>\n","protected":false},"excerpt":{"rendered":"<p>Dimanche 10 novembre 2224Stade Louis Dolly \u2013 Parc D\u00e9partemental des Hautes Bruy\u00e8res22 rue Auguste PerretVillejuifLe club prend en charge les modalit\u00e9s et les frais d\u2019engagement de cette comp\u00e9tition si r\u00e9ponse sur le sondage WhatsApp, imp\u00e9rativement avant le jeudi 07\/11\/2024 \u2013 20h.RDV sur place \u00e0 11h45Au programme, deux Cross Courts de 4000m, Hommes et Femmes, toutes [&hellip;]<\/p>\n","protected":false},"author":2,"featured_media":0,"comment_status":"open","ping_status":"open","sticky":false,"template":"","format":"standard","meta":{"footnotes":""},"categories":[4,7],"tags":[],"class_list":["post-13040","post","type-post","status-publish","format-standard","hentry","category-competitions","category-cross"],"_links":{"self":[{"href":"https:\/\/www.athlestats.fr\/blog_uai_demi_fond\/index.php?rest_route=\/wp\/v2\/posts\/13040"}],"collection":[{"href":"https:\/\/www.athlestats.fr\/blog_uai_demi_fond\/index.php?rest_route=\/wp\/v2\/posts"}],"about":[{"href":"https:\/\/www.athlestats.fr\/blog_uai_demi_fond\/index.php?rest_route=\/wp\/v2\/types\/post"}],"author":[{"embeddable":true,"href":"https:\/\/www.athlestats.fr\/blog_uai_demi_fond\/index.php?rest_route=\/wp\/v2\/users\/2"}],"replies":[{"embeddable":true,"href":"https:\/\/www.athlestats.fr\/blog_uai_demi_fond\/index.php?rest_route=%2Fwp%2Fv2%2Fcomments&post=13040"}],"version-history":[{"count":8,"href":"https:\/\/www.athlestats.fr\/blog_uai_demi_fond\/index.php?rest_route=\/wp\/v2\/posts\/13040\/revisions"}],"predecessor-version":[{"id":13065,"href":"https:\/\/www.athlestats.fr\/blog_uai_demi_fond\/index.php?rest_route=\/wp\/v2\/posts\/13040\/revisions\/13065"}],"wp:attachment":[{"href":"https:\/\/www.athlestats.fr\/blog_uai_demi_fond\/index.php?rest_route=%2Fwp%2Fv2%2Fmedia&parent=13040"}],"wp:term":[{"taxonomy":"category","embeddable":true,"href":"https:\/\/www.athlestats.fr\/blog_uai_demi_fond\/index.php?rest_route=%2Fwp%2Fv2%2Fcategories&post=13040"},{"taxonomy":"post_tag","embeddable":true,"href":"https:\/\/www.athlestats.fr\/blog_uai_demi_fond\/index.php?rest_route=%2Fwp%2Fv2%2Ftags&post=13040"}],"curies":[{"name":"wp","href":"https:\/\/api.w.org\/{rel}","templated":true}]}}