{"id":13018,"date":"2024-10-31T12:07:21","date_gmt":"2024-10-31T11:07:21","guid":{"rendered":"https:\/\/www.athlestats.fr\/blog_uai_demi_fond\/?p=13018"},"modified":"2024-11-07T22:40:55","modified_gmt":"2024-11-07T21:40:55","slug":"20km-marche-2024","status":"publish","type":"post","link":"https:\/\/www.athlestats.fr\/blog_uai_demi_fond\/?p=13018","title":{"rendered":"20km Marche 2024"},"content":{"rendered":"\n<p>Lundi 11 novembre se tiendra la 9\u00e8me \u00e9dition du meeting de marche de Nogent-sur-Marne. Tout se passe au Stade sous la Lune, \u00e0 Nogent-sur-Marne sur la piste. Nous avons besoin d&rsquo;une vingtaine de personnes pour organiser cet \u00e9v\u00e8nement.<\/p>\n\n\n\n<p><strong><a href=\"http:\/\/cda94.athle.com\/upload\/ssites\/001309\/mediatheque\/affichemarche20km_2024.pdf\">T\u00e9l\u00e9charger la superbe plaquette d\u2019informations\u2026<\/a><\/strong><\/p>\n\n\n\n<div data-wp-interactive=\"core\/file\" class=\"wp-block-file\"><object data-wp-bind--hidden=\"!state.hasPdfPreview\"  class=\"wp-block-file__embed\" data=\"https:\/\/www.athlestats.fr\/blog_uai_demi_fond\/wp-content\/uploads\/2024\/10\/AfficheMarche20km_2024-1.pdf\" type=\"application\/pdf\" style=\"width:100%;height:600px\" aria-label=\"Contenu embarqu\u00e9 AfficheMarche20km_2024-1.\"><\/object><a id=\"wp-block-file--media-db7983a0-21ea-413a-ab2f-3c0ace5a81ba\" href=\"https:\/\/www.athlestats.fr\/blog_uai_demi_fond\/wp-content\/uploads\/2024\/10\/AfficheMarche20km_2024-1.pdf\">AfficheMarche20km_2024-1<\/a><a href=\"https:\/\/www.athlestats.fr\/blog_uai_demi_fond\/wp-content\/uploads\/2024\/10\/AfficheMarche20km_2024-1.pdf\" class=\"wp-block-file__button wp-element-button\" download aria-describedby=\"wp-block-file--media-db7983a0-21ea-413a-ab2f-3c0ace5a81ba\">T\u00e9l\u00e9charger<\/a><\/div>\n\n\n\n<p>Alors, qui va faire quoi ?<\/p>\n\n\n\n<p><strong>RDV pour tout le monde au stade \u00e0 8h<\/strong><\/p>\n\n\n\n<p>Responsable de la comp\u00e9tition : Cyril<br>Courses et pr\u00e9paration en amont de la comp\u00e9tition : Sophie D<br>Secr\u00e9tariat : Jo\u00eblle et Sylvie <br>Informatique : Claude, Olivier R et Laurent<br>Pointage : Marc, Sophie D<br>Installation du parcours et des barnums, signaleurs et aides diverses : Cyril, Alain, Marc, Micka\u00ebl, Olivier P, Antonin, Stephen et Djimathie<br>Ravitaillement &amp; \u00e9pongeage : Groupe Loisir (merci !)<br>Course enfants : Anne, Jessica et Olivier P<br>Micro : Math\u00e9o<br>Protocole : Christophe C<br>Tableau des p\u00e9nalit\u00e9s et zone d\u2019exclusion : Fabrice<br>Starter et Juge \u00e0 l\u2019arriv\u00e9e : Alain<br>Juges de Marche : Dominique Leclercq, Emmanuel Tardi, St\u00e9phane Labrousse, Dominique Pinon et Jacqueline Bouilliat<br>Chrono &amp; Horloge : Jean-Pierre Dahm, Anne, Christophe C, Micka\u00ebl et Stephen<br>Navette\u00a0 : Lise<br>R\u00e9compenses : V\u00e9ro Gi, Maiwenn<br>Photographe : Victor ?<br>Caf\u00e9 \/ Buvette d\u2019hiver \/ Pot de l&rsquo;amiti\u00e9 :\u00a0 Djimathie et Antonin<br>Infirmi\u00e8re dipl\u00f4m\u00e9e &amp; Consigne : Julie<\/p>\n\n\n\n<p>Verre de l\u2019amiti\u00e9 \u00e0 la fin de la comp\u00e9tition (vers 13h)<br>Merci \u00e0 tou(te)s pour votre aide !<\/p>\n\n\n\n<p><strong>Et si jamais vous n&rsquo;\u00eates pas dispo, car \u00ab\u00a0Je pars en week-end parce que le 11 novembre c&rsquo;est un lundi\u00a0\u00bb, on peut aussi aider le Comit\u00e9 94 \u00e0 organiser comme l&rsquo;an pass\u00e9, le Cross National du Val-de-Marne. <\/strong><\/p>\n\n\n\n<p>La demande officielle :<\/p>\n\n\n\n<div data-wp-interactive=\"core\/file\" class=\"wp-block-file\"><object data-wp-bind--hidden=\"!state.hasPdfPreview\"  class=\"wp-block-file__embed\" data=\"https:\/\/www.athlestats.fr\/blog_uai_demi_fond\/wp-content\/uploads\/2024\/10\/courrier-benevoles-cross-vdm-idf-2024.pdf\" type=\"application\/pdf\" style=\"width:100%;height:600px\" aria-label=\"Contenu embarqu\u00e9 courrier b\u00e9n\u00e9voles cross vdm-idf 2024.\"><\/object><a id=\"wp-block-file--media-40622b89-daa5-4829-8719-bd3c59b2aff2\" href=\"https:\/\/www.athlestats.fr\/blog_uai_demi_fond\/wp-content\/uploads\/2024\/10\/courrier-benevoles-cross-vdm-idf-2024.pdf\">courrier b\u00e9n\u00e9voles cross vdm-idf 2024<\/a><a href=\"https:\/\/www.athlestats.fr\/blog_uai_demi_fond\/wp-content\/uploads\/2024\/10\/courrier-benevoles-cross-vdm-idf-2024.pdf\" class=\"wp-block-file__button wp-element-button\" download aria-describedby=\"wp-block-file--media-40622b89-daa5-4829-8719-bd3c59b2aff2\">T\u00e9l\u00e9charger<\/a><\/div>\n","protected":false},"excerpt":{"rendered":"<p>Lundi 11 novembre se tiendra la 9\u00e8me \u00e9dition du meeting de marche de Nogent-sur-Marne. Tout se passe au Stade sous la Lune, \u00e0 Nogent-sur-Marne sur la piste. Nous avons besoin d&rsquo;une vingtaine de personnes pour organiser cet \u00e9v\u00e8nement. T\u00e9l\u00e9charger la superbe plaquette d\u2019informations\u2026 Alors, qui va faire quoi ? RDV pour tout le monde au [&hellip;]<\/p>\n","protected":false},"author":2,"featured_media":0,"comment_status":"open","ping_status":"open","sticky":false,"template":"","format":"standard","meta":{"footnotes":""},"categories":[4,23],"tags":[],"class_list":["post-13018","post","type-post","status-publish","format-standard","hentry","category-competitions","category-marche"],"_links":{"self":[{"href":"https:\/\/www.athlestats.fr\/blog_uai_demi_fond\/index.php?rest_route=\/wp\/v2\/posts\/13018"}],"collection":[{"href":"https:\/\/www.athlestats.fr\/blog_uai_demi_fond\/index.php?rest_route=\/wp\/v2\/posts"}],"about":[{"href":"https:\/\/www.athlestats.fr\/blog_uai_demi_fond\/index.php?rest_route=\/wp\/v2\/types\/post"}],"author":[{"embeddable":true,"href":"https:\/\/www.athlestats.fr\/blog_uai_demi_fond\/index.php?rest_route=\/wp\/v2\/users\/2"}],"replies":[{"embeddable":true,"href":"https:\/\/www.athlestats.fr\/blog_uai_demi_fond\/index.php?rest_route=%2Fwp%2Fv2%2Fcomments&post=13018"}],"version-history":[{"count":17,"href":"https:\/\/www.athlestats.fr\/blog_uai_demi_fond\/index.php?rest_route=\/wp\/v2\/posts\/13018\/revisions"}],"predecessor-version":[{"id":13066,"href":"https:\/\/www.athlestats.fr\/blog_uai_demi_fond\/index.php?rest_route=\/wp\/v2\/posts\/13018\/revisions\/13066"}],"wp:attachment":[{"href":"https:\/\/www.athlestats.fr\/blog_uai_demi_fond\/index.php?rest_route=%2Fwp%2Fv2%2Fmedia&parent=13018"}],"wp:term":[{"taxonomy":"category","embeddable":true,"href":"https:\/\/www.athlestats.fr\/blog_uai_demi_fond\/index.php?rest_route=%2Fwp%2Fv2%2Fcategories&post=13018"},{"taxonomy":"post_tag","embeddable":true,"href":"https:\/\/www.athlestats.fr\/blog_uai_demi_fond\/index.php?rest_route=%2Fwp%2Fv2%2Ftags&post=13018"}],"curies":[{"name":"wp","href":"https:\/\/api.w.org\/{rel}","templated":true}]}}