{"id":12990,"date":"2024-10-04T14:00:25","date_gmt":"2024-10-04T12:00:25","guid":{"rendered":"https:\/\/www.athlestats.fr\/blog_uai_demi_fond\/?p=12990"},"modified":"2024-10-07T23:21:01","modified_gmt":"2024-10-07T21:21:01","slug":"10-km-de-fontenay-sous-bois-2024","status":"publish","type":"post","link":"https:\/\/www.athlestats.fr\/blog_uai_demi_fond\/?p=12990","title":{"rendered":"10 km de Fontenay-sous-Bois 2024"},"content":{"rendered":"\n<h4 class=\"wp-block-heading\">Dimanche 13 octobre 2024<br>Gymnase Salvador-Allende<br>Avenue Charles Garcia<br>Fontenay-sous-Bois<\/h4>\n\n\n\n<h4 class=\"wp-block-heading\">RDV sur place 1 heure 15 avant votre course<\/h4>\n\n\n\n<figure class=\"wp-block-image size-large\"><img decoding=\"async\" src=\"https:\/\/www.fontenay.fr\/fileadmin\/_processed_\/0\/4\/csm_10_km_2024_37ce872014.jpg\" alt=\"\"\/><\/figure>\n\n\n\n<p>9h : D\u00e9part du 5 km<br>10h45 : D\u00e9part du 10 km<\/p>\n\n\n\n<p><a href=\"https:\/\/www.fontenay.fr\/sports\/10-km-de-fontenay-sous-bois-638.html\" target=\"_blank\" rel=\"noreferrer noopener\">En s@voir plus\u2026<\/a><\/p>\n\n\n\n<p>Premier rendez-vous de la saison, nous attendons le maximum de participants. Vous avez le choix entre 5 et 10km. <strong>Le club prend en charge les inscriptions et les frais d\u2019engagement de cette comp\u00e9tition<\/strong> pour tous ses athl\u00e8tes <strong>licenci\u00e9s<\/strong>.<br>Qui veut participer ? Sur quelle distance ?<br>R\u00e9ponse obligatoirement avant <strong>dimanche 12 octobre, 20h sur le sondage du groupe WhatsApp.<\/strong><\/p>\n\n\n\n<p>Vous \u00eates nouveaux, vous courrez \u00e0 Fontenay ? Demandez-nous vite le maillot de l\u2019UAI ! (Celui de l&rsquo;Entente viendra un peu plus tard)<\/p>\n\n\n\n<p>Les engag\u00e9s :<\/p>\n\n\n\n<p><strong>5 km<\/strong><br>AGATHE<br>VIOLETTE<br>LISE<br>FLORIANE<br>SAM<br>NICOLA<br>AUBIN<br>MAXIME S<br>ELIZABETH<br>NICOLAS<br>CHARLES<br>TITOUAN<br>JESSICA<br>MARC<br>SANDRA<br>FABRICE<br>MATTEO<\/p>\n\n\n\n<p><strong>10 km<\/strong><br>MATHIEU<br>ALEXANDRE<br>JEAN-CHARLES<br>ANTHONY<br>ARNAUD<br>FRAN\u00c7OIS<br>DOMINIQUE<br>MATHILDE<br>OPH\u00c9LIE<br>ANTONIN<br>CHARLY<br>ANNE<br>\u00c9LODIE<br>MA\u00cfWENN<br>ROMAIN<br>YVAN<br>FREDERIC B<\/p>\n","protected":false},"excerpt":{"rendered":"<p>Dimanche 13 octobre 2024Gymnase Salvador-AllendeAvenue Charles GarciaFontenay-sous-Bois RDV sur place 1 heure 15 avant votre course 9h : D\u00e9part du 5 km10h45 : D\u00e9part du 10 km En s@voir plus\u2026 Premier rendez-vous de la saison, nous attendons le maximum de participants. Vous avez le choix entre 5 et 10km. Le club prend en charge les [&hellip;]<\/p>\n","protected":false},"author":2,"featured_media":0,"comment_status":"open","ping_status":"open","sticky":false,"template":"","format":"standard","meta":{"footnotes":""},"categories":[4,5],"tags":[],"class_list":["post-12990","post","type-post","status-publish","format-standard","hentry","category-competitions","category-route"],"_links":{"self":[{"href":"https:\/\/www.athlestats.fr\/blog_uai_demi_fond\/index.php?rest_route=\/wp\/v2\/posts\/12990"}],"collection":[{"href":"https:\/\/www.athlestats.fr\/blog_uai_demi_fond\/index.php?rest_route=\/wp\/v2\/posts"}],"about":[{"href":"https:\/\/www.athlestats.fr\/blog_uai_demi_fond\/index.php?rest_route=\/wp\/v2\/types\/post"}],"author":[{"embeddable":true,"href":"https:\/\/www.athlestats.fr\/blog_uai_demi_fond\/index.php?rest_route=\/wp\/v2\/users\/2"}],"replies":[{"embeddable":true,"href":"https:\/\/www.athlestats.fr\/blog_uai_demi_fond\/index.php?rest_route=%2Fwp%2Fv2%2Fcomments&post=12990"}],"version-history":[{"count":7,"href":"https:\/\/www.athlestats.fr\/blog_uai_demi_fond\/index.php?rest_route=\/wp\/v2\/posts\/12990\/revisions"}],"predecessor-version":[{"id":13003,"href":"https:\/\/www.athlestats.fr\/blog_uai_demi_fond\/index.php?rest_route=\/wp\/v2\/posts\/12990\/revisions\/13003"}],"wp:attachment":[{"href":"https:\/\/www.athlestats.fr\/blog_uai_demi_fond\/index.php?rest_route=%2Fwp%2Fv2%2Fmedia&parent=12990"}],"wp:term":[{"taxonomy":"category","embeddable":true,"href":"https:\/\/www.athlestats.fr\/blog_uai_demi_fond\/index.php?rest_route=%2Fwp%2Fv2%2Fcategories&post=12990"},{"taxonomy":"post_tag","embeddable":true,"href":"https:\/\/www.athlestats.fr\/blog_uai_demi_fond\/index.php?rest_route=%2Fwp%2Fv2%2Ftags&post=12990"}],"curies":[{"name":"wp","href":"https:\/\/api.w.org\/{rel}","templated":true}]}}