{"id":12932,"date":"2024-09-19T19:22:48","date_gmt":"2024-09-19T17:22:48","guid":{"rendered":"https:\/\/www.athlestats.fr\/blog_uai_demi_fond\/?p=12932"},"modified":"2024-09-26T09:45:59","modified_gmt":"2024-09-26T07:45:59","slug":"nogent-baltard-2024","status":"publish","type":"post","link":"https:\/\/www.athlestats.fr\/blog_uai_demi_fond\/?p=12932","title":{"rendered":"Nogent Baltard 2024"},"content":{"rendered":"\n<p><strong>Dimanche 29 septembre 2024<br>\u00e0 Nogent-sur-Marne<br>RDV au stade \u00e0 8h00 au stade<\/strong><\/p>\n\n\n\n<figure class=\"wp-block-image size-full\"><a href=\"https:\/\/www.athlestats.fr\/blog_uai_demi_fond\/wp-content\/uploads\/2024\/09\/Capture-decran-2024-09-19-174749-1.png\"><img loading=\"lazy\" decoding=\"async\" width=\"838\" height=\"563\" src=\"https:\/\/www.athlestats.fr\/blog_uai_demi_fond\/wp-content\/uploads\/2024\/09\/Capture-decran-2024-09-19-174749-1.png\" alt=\"\" class=\"wp-image-12936\" srcset=\"https:\/\/www.athlestats.fr\/blog_uai_demi_fond\/wp-content\/uploads\/2024\/09\/Capture-decran-2024-09-19-174749-1.png 838w, https:\/\/www.athlestats.fr\/blog_uai_demi_fond\/wp-content\/uploads\/2024\/09\/Capture-decran-2024-09-19-174749-1-300x202.png 300w, https:\/\/www.athlestats.fr\/blog_uai_demi_fond\/wp-content\/uploads\/2024\/09\/Capture-decran-2024-09-19-174749-1-768x516.png 768w\" sizes=\"(max-width: 838px) 100vw, 838px\" \/><\/a><\/figure>\n\n\n\n<p><a href=\"http:\/\/la-nogent-baltard.fr\/wordpress\/\" target=\"_blank\" rel=\"noreferrer noopener\">En s@voir plus\u2026<\/a><\/p>\n\n\n\n<p>Sportifs en herbe ou confirm\u00e9s, jeunes ou adultes, chaussez vos baskets le dimanche 29 septembre pour une course, sp\u00e9ciale : La Nogent Baltard ! Enfin pour les membres de l&rsquo;UAI, c&rsquo;est plut\u00f4t enfiler le chasuble ! Car qui organise cette 13\u00e8me \u00e9dition de la Nogent Baltard ? C\u2019est l\u2019UAI ! C\u2019est \u00e0 dire nous tous sous la direction de Fran\u00e7ois Biron.<\/p>\n\n\n\n<p>On a donc besoin de l\u2019aide de toutes et tous.<\/p>\n\n\n\n<p>Voici une liste des t\u00e2ches \u00e0 effectuer, on a pour l\u2019instant :<\/p>\n\n\n\n<p><strong>1. Secr\u00e9tariat \u2013 Complet<\/strong><br>Patrice du groupe loisir est le responsable.<br>Samedi, au Kiosque \u00e0 Musique de Nogent :<br>14h30-19h : 10 personnes<br>Le dimanche, \u00e0 la salle polyvalente<br>7h50-12h &#8211; 6 personnes<\/p>\n\n\n\n<p><strong>2. Signaleurs \u2013 40 personnes<\/strong> &#8211; <strong>Complet<\/strong><br>Speech signaleurs \u00e0 ne pas louper avec la Police Municipale \u2013 8h<br>Fred B est le responsable<\/p>\n\n\n\n<p>Signaleurs ext\u00e9rieurs au groupe de demi-fond : 25<br>+ Stephen \/ Julie \/ Fabrice \/ Antonin \/ Dominique \/ Jean-Charles \/ La\u00efla \/ Sophie C \/ St\u00e9phane \/ Elodie \/ Laura T \/ Mika\u00ebl \/ Fran\u00e7ois L \/ Eric \/ Mireille<br>+ V\u00e9los : Maxime S (ouvreur) \/ Cyril (fermeture) \/ Nino (Marche)<\/p>\n\n\n\n<p><strong>Le(s) parcours :<\/strong><\/p>\n\n\n\n<div data-wp-interactive=\"core\/file\" class=\"wp-block-file\"><object data-wp-bind--hidden=\"!state.hasPdfPreview\"  class=\"wp-block-file__embed\" data=\"https:\/\/www.athlestats.fr\/blog_uai_demi_fond\/wp-content\/uploads\/2024\/09\/PLAN_marche.pdf\" type=\"application\/pdf\" style=\"width:100%;height:400px\" aria-label=\"Contenu embarqu\u00e9 PLAN_marche.\"><\/object><a id=\"wp-block-file--media-d802f818-cbcd-4bd7-bded-203329bc48a4\" href=\"https:\/\/www.athlestats.fr\/blog_uai_demi_fond\/wp-content\/uploads\/2024\/09\/PLAN_marche.pdf\">PLAN_marche<\/a><a href=\"https:\/\/www.athlestats.fr\/blog_uai_demi_fond\/wp-content\/uploads\/2024\/09\/PLAN_marche.pdf\" class=\"wp-block-file__button wp-element-button\" download aria-describedby=\"wp-block-file--media-d802f818-cbcd-4bd7-bded-203329bc48a4\">T\u00e9l\u00e9charger<\/a><\/div>\n\n\n\n<div data-wp-interactive=\"core\/file\" class=\"wp-block-file\"><object data-wp-bind--hidden=\"!state.hasPdfPreview\"  class=\"wp-block-file__embed\" data=\"https:\/\/www.athlestats.fr\/blog_uai_demi_fond\/wp-content\/uploads\/2024\/09\/PLAN-boucle-1-adulte.pdf\" type=\"application\/pdf\" style=\"width:100%;height:400px\" aria-label=\"Contenu embarqu\u00e9 PLAN-boucle-1-adulte.\"><\/object><a id=\"wp-block-file--media-65e36908-437e-49f9-a23a-a4c76ad933c3\" href=\"https:\/\/www.athlestats.fr\/blog_uai_demi_fond\/wp-content\/uploads\/2024\/09\/PLAN-boucle-1-adulte.pdf\">PLAN-boucle-1-adulte<\/a><a href=\"https:\/\/www.athlestats.fr\/blog_uai_demi_fond\/wp-content\/uploads\/2024\/09\/PLAN-boucle-1-adulte.pdf\" class=\"wp-block-file__button wp-element-button\" download aria-describedby=\"wp-block-file--media-65e36908-437e-49f9-a23a-a4c76ad933c3\">T\u00e9l\u00e9charger<\/a><\/div>\n\n\n\n<div data-wp-interactive=\"core\/file\" class=\"wp-block-file\"><object data-wp-bind--hidden=\"!state.hasPdfPreview\"  class=\"wp-block-file__embed\" data=\"https:\/\/www.athlestats.fr\/blog_uai_demi_fond\/wp-content\/uploads\/2024\/09\/PLAN-boucle-2-adulte.pdf\" type=\"application\/pdf\" style=\"width:100%;height:320px\" aria-label=\"Contenu embarqu\u00e9 PLAN-boucle-2-adulte.\"><\/object><a id=\"wp-block-file--media-cb0db6f5-fe1d-466a-91e5-f24370d43090\" href=\"https:\/\/www.athlestats.fr\/blog_uai_demi_fond\/wp-content\/uploads\/2024\/09\/PLAN-boucle-2-adulte.pdf\">PLAN-boucle-2-adulte<\/a><a href=\"https:\/\/www.athlestats.fr\/blog_uai_demi_fond\/wp-content\/uploads\/2024\/09\/PLAN-boucle-2-adulte.pdf\" class=\"wp-block-file__button wp-element-button\" download aria-describedby=\"wp-block-file--media-cb0db6f5-fe1d-466a-91e5-f24370d43090\">T\u00e9l\u00e9charger<\/a><\/div>\n\n\n\n<p><strong>3. D\u00e9jeuner Dimanche Midi &#8211; Complet<br><\/strong>Anthony est le responsable<br>Vanessa apporte le repas vers 10h \/ 11h<br>Pr\u00e9parer la salle (la d\u00e9barrasser)<br>Aller chercher le pain \u00e0 La Nogentaise<\/p>\n\n\n\n<p><strong>4. Stade \u2013 Manque 6 personnes<br><\/strong>Djimathie est le responsable<br>Porter un chasuble rouge !<br>Aubin \/ Aicha \/ Sophie D \/ Tito \/ Floriane \/ Agathe \/ Armelle \/ Violette \/ Julie \/ Nicolas B<\/p>\n\n\n\n<p><strong>5. Trac\u00e9 \u2013<\/strong><br>Samedi apr\u00e8s midi au Pavillon Baltard \u00e0 14h00 avec Alain<\/p>\n\n\n\n<p><strong>6. Photos \u2013 Matias<\/strong><\/p>\n\n\n\n<p><strong>Merci de nous pr\u00e9venir rapidement si vous pouvez nous aider \u00e0 organiser tout \u00e7a !<br>Merci \u00e0 tou(te)s. Ambiance &amp; stress assur\u00e9s et banquet du midi offert.<\/strong><\/p>\n","protected":false},"excerpt":{"rendered":"<p>Dimanche 29 septembre 2024\u00e0 Nogent-sur-MarneRDV au stade \u00e0 8h00 au stade En s@voir plus\u2026 Sportifs en herbe ou confirm\u00e9s, jeunes ou adultes, chaussez vos baskets le dimanche 29 septembre pour une course, sp\u00e9ciale : La Nogent Baltard ! Enfin pour les membres de l&rsquo;UAI, c&rsquo;est plut\u00f4t enfiler le chasuble ! Car qui organise cette 13\u00e8me [&hellip;]<\/p>\n","protected":false},"author":2,"featured_media":0,"comment_status":"open","ping_status":"open","sticky":false,"template":"","format":"standard","meta":{"footnotes":""},"categories":[4,5],"tags":[],"class_list":["post-12932","post","type-post","status-publish","format-standard","hentry","category-competitions","category-route"],"_links":{"self":[{"href":"https:\/\/www.athlestats.fr\/blog_uai_demi_fond\/index.php?rest_route=\/wp\/v2\/posts\/12932"}],"collection":[{"href":"https:\/\/www.athlestats.fr\/blog_uai_demi_fond\/index.php?rest_route=\/wp\/v2\/posts"}],"about":[{"href":"https:\/\/www.athlestats.fr\/blog_uai_demi_fond\/index.php?rest_route=\/wp\/v2\/types\/post"}],"author":[{"embeddable":true,"href":"https:\/\/www.athlestats.fr\/blog_uai_demi_fond\/index.php?rest_route=\/wp\/v2\/users\/2"}],"replies":[{"embeddable":true,"href":"https:\/\/www.athlestats.fr\/blog_uai_demi_fond\/index.php?rest_route=%2Fwp%2Fv2%2Fcomments&post=12932"}],"version-history":[{"count":15,"href":"https:\/\/www.athlestats.fr\/blog_uai_demi_fond\/index.php?rest_route=\/wp\/v2\/posts\/12932\/revisions"}],"predecessor-version":[{"id":12977,"href":"https:\/\/www.athlestats.fr\/blog_uai_demi_fond\/index.php?rest_route=\/wp\/v2\/posts\/12932\/revisions\/12977"}],"wp:attachment":[{"href":"https:\/\/www.athlestats.fr\/blog_uai_demi_fond\/index.php?rest_route=%2Fwp%2Fv2%2Fmedia&parent=12932"}],"wp:term":[{"taxonomy":"category","embeddable":true,"href":"https:\/\/www.athlestats.fr\/blog_uai_demi_fond\/index.php?rest_route=%2Fwp%2Fv2%2Fcategories&post=12932"},{"taxonomy":"post_tag","embeddable":true,"href":"https:\/\/www.athlestats.fr\/blog_uai_demi_fond\/index.php?rest_route=%2Fwp%2Fv2%2Ftags&post=12932"}],"curies":[{"name":"wp","href":"https:\/\/api.w.org\/{rel}","templated":true}]}}