{"id":12802,"date":"2024-06-13T18:32:20","date_gmt":"2024-06-13T16:32:20","guid":{"rendered":"https:\/\/www.athlestats.fr\/blog_uai_demi_fond\/?p=12802"},"modified":"2024-06-22T21:50:32","modified_gmt":"2024-06-22T19:50:32","slug":"une-semaine-dorganisations-a-venir","status":"publish","type":"post","link":"https:\/\/www.athlestats.fr\/blog_uai_demi_fond\/?p=12802","title":{"rendered":"Une semaine d&rsquo;organisations \u00e0 venir"},"content":{"rendered":"\n<h4 class=\"wp-block-heading\">Jeudi 20 juin 2024 &#8211; <a href=\"https:\/\/www.athlestats.fr\/blog_uai_demi_fond\/wp-content\/uploads\/2024\/06\/Programme-Meeting-UAI-version-modifiege.pdf\" data-type=\"link\" data-id=\"http:\/\/cda94.athle.com\/upload\/ssites\/001309\/horaires\/programme_meeting_uai_version_modifiee.jpg\" target=\"_blank\" rel=\"noreferrer noopener\">Meeting de l&rsquo;UAI Nogent<\/a><br>Dimanche 23 juin 2024 &#8211; <a href=\"https:\/\/www.lifa-athle.fr\/actualite\/criterium-et-championnats-de-marche\" data-type=\"link\" data-id=\"https:\/\/www.lifa-athle.fr\/actualite\/criterium-et-championnats-de-marche\" target=\"_blank\" rel=\"noreferrer noopener\">Crit\u00e9rium de dur\u00e9e de Marche<\/a> (matin)<br>Dimanche 23 juin 2024 &#8211; <a href=\"http:\/\/cda94.athle.com\/asp.net\/espaces.news\/news.aspx?id=344844\" data-type=\"link\" data-id=\"http:\/\/cda94.athle.com\/asp.net\/espaces.news\/news.aspx?id=344844\" target=\"_blank\" rel=\"noreferrer noopener\">Meeting du Val-de-Marne<\/a> (apr\u00e8s-midi)<\/h4>\n\n\n\n<h4 class=\"wp-block-heading\">au stade sous la Lune \u2013 Alain Mimoun<br>\u00e0 Nogent-sur-Marne<\/h4>\n\n\n\n<p>Comme chaque ann\u00e9e, nous aimerions que le maximum de personnes viennent nous aider \u00e0 organiser ces \u00e9v\u00e8nements. Il reste des places ! Buvette, navette, inscriptions, jury, r\u00e2teau, faites vos jeux ! Merci de nous pr\u00e9venir.<\/p>\n\n\n\n<p>En d\u00e9tail :<\/p>\n\n\n\n<p>Meeting de l&rsquo;UAI : Sophie Responsable, organisation UAI \u00e0 100%<br><strong>RDV sur place \u00e0 partir de 18h<\/strong><br>Postes \u00e0 pourvoir :<br>Confirmation inscriptions : Djimathie, Julie et Alexandre D<br>Buvette : Anne, Oph\u00e9lie, Matias et V\u00e9ro Gi<br>Navettes : Cyril, Antonin et Nicola<br>Speaker : Math\u00e9o&nbsp;<br>Infirmi\u00e8re : Julie&nbsp;<br>Photographe : Mathilde ?&nbsp;<br>Rempla\u00e7ants \/ renforts jury : Nicolas B, Cl\u00e9ment J, Sophie C, Florent et Alexandre F<\/p>\n\n\n\n<p>La plaquette<\/p>\n\n\n\n<div data-wp-interactive=\"core\/file\" class=\"wp-block-file\"><object data-wp-bind--hidden=\"!state.hasPdfPreview\"  class=\"wp-block-file__embed\" data=\"https:\/\/www.athlestats.fr\/blog_uai_demi_fond\/wp-content\/uploads\/2024\/06\/Programme-Meeting-UAI-version-modifiege.pdf\" type=\"application\/pdf\" style=\"width:100%;height:600px\" aria-label=\"Contenu embarqu\u00e9 Programme-Meeting-UAI-version-modifiege.\"><\/object><a id=\"wp-block-file--media-a1abc784-0165-4add-b6bb-7383bb4d12d2\" href=\"https:\/\/www.athlestats.fr\/blog_uai_demi_fond\/wp-content\/uploads\/2024\/06\/Programme-Meeting-UAI-version-modifiege.pdf\">Programme-Meeting-UAI-version-modifiege<\/a><a href=\"https:\/\/www.athlestats.fr\/blog_uai_demi_fond\/wp-content\/uploads\/2024\/06\/Programme-Meeting-UAI-version-modifiege.pdf\" class=\"wp-block-file__button wp-element-button\" download aria-describedby=\"wp-block-file--media-a1abc784-0165-4add-b6bb-7383bb4d12d2\">T\u00e9l\u00e9charger<\/a><\/div>\n\n\n\n<p>Crit\u00e9rium de dur\u00e9e Marche : Sophie responsable, organisation LIFA<br><strong>RDV sur place \u00e0 8h<\/strong><br>On a pour l&rsquo;instant : Alain, Anne, Christophe, Fabrice, Nicola, Tito et Oph\u00e9lie<\/p>\n\n\n\n<p>Meeting du Val-de-Marne : Christophe responsable, organisation du Comit\u00e9 94<br><strong>RDV sur place \u00e0 12h30<\/strong><br>Buvette \u00e0 assurer : Cl\u00e9ment J, Matias. Anthony, Armelle, Jean-Do, A\u00efcha, Peggy-Laure, Dominique et groupe loisirs.<\/p>\n\n\n\n<p>Si vous pouvez nous aider et participer \u00e0 l&rsquo;un de ces trois \u00e9v\u00e8nements, l&rsquo;UAI vous en sera \u00e9ternellement reconnaissant (et vous offrira sans doute un super combo sandwich-coca-chips !).<\/p>\n\n\n<div class=\"wp-block-image\">\n<figure class=\"aligncenter size-large\"><img decoding=\"async\" src=\"https:\/\/acva.asso.fr\/wp-content\/uploads\/2018\/11\/we-need-you-super-dupont.jpg\" alt=\"\"\/><\/figure><\/div>","protected":false},"excerpt":{"rendered":"<p>Jeudi 20 juin 2024 &#8211; Meeting de l&rsquo;UAI NogentDimanche 23 juin 2024 &#8211; Crit\u00e9rium de dur\u00e9e de Marche (matin)Dimanche 23 juin 2024 &#8211; Meeting du Val-de-Marne (apr\u00e8s-midi) au stade sous la Lune \u2013 Alain Mimoun\u00e0 Nogent-sur-Marne Comme chaque ann\u00e9e, nous aimerions que le maximum de personnes viennent nous aider \u00e0 organiser ces \u00e9v\u00e8nements. Il reste [&hellip;]<\/p>\n","protected":false},"author":2,"featured_media":0,"comment_status":"open","ping_status":"open","sticky":false,"template":"","format":"standard","meta":{"footnotes":""},"categories":[4,23,8],"tags":[],"class_list":["post-12802","post","type-post","status-publish","format-standard","hentry","category-competitions","category-marche","category-piste"],"_links":{"self":[{"href":"https:\/\/www.athlestats.fr\/blog_uai_demi_fond\/index.php?rest_route=\/wp\/v2\/posts\/12802"}],"collection":[{"href":"https:\/\/www.athlestats.fr\/blog_uai_demi_fond\/index.php?rest_route=\/wp\/v2\/posts"}],"about":[{"href":"https:\/\/www.athlestats.fr\/blog_uai_demi_fond\/index.php?rest_route=\/wp\/v2\/types\/post"}],"author":[{"embeddable":true,"href":"https:\/\/www.athlestats.fr\/blog_uai_demi_fond\/index.php?rest_route=\/wp\/v2\/users\/2"}],"replies":[{"embeddable":true,"href":"https:\/\/www.athlestats.fr\/blog_uai_demi_fond\/index.php?rest_route=%2Fwp%2Fv2%2Fcomments&post=12802"}],"version-history":[{"count":17,"href":"https:\/\/www.athlestats.fr\/blog_uai_demi_fond\/index.php?rest_route=\/wp\/v2\/posts\/12802\/revisions"}],"predecessor-version":[{"id":12846,"href":"https:\/\/www.athlestats.fr\/blog_uai_demi_fond\/index.php?rest_route=\/wp\/v2\/posts\/12802\/revisions\/12846"}],"wp:attachment":[{"href":"https:\/\/www.athlestats.fr\/blog_uai_demi_fond\/index.php?rest_route=%2Fwp%2Fv2%2Fmedia&parent=12802"}],"wp:term":[{"taxonomy":"category","embeddable":true,"href":"https:\/\/www.athlestats.fr\/blog_uai_demi_fond\/index.php?rest_route=%2Fwp%2Fv2%2Fcategories&post=12802"},{"taxonomy":"post_tag","embeddable":true,"href":"https:\/\/www.athlestats.fr\/blog_uai_demi_fond\/index.php?rest_route=%2Fwp%2Fv2%2Ftags&post=12802"}],"curies":[{"name":"wp","href":"https:\/\/api.w.org\/{rel}","templated":true}]}}