{"id":11486,"date":"2024-03-04T11:24:56","date_gmt":"2024-03-04T10:24:56","guid":{"rendered":"http:\/\/www.athlestats.fr\/blog_uai_demi_fond\/?p=11486"},"modified":"2024-03-21T16:54:36","modified_gmt":"2024-03-21T15:54:36","slug":"dimanche-24-mars-2024-10km-ou-semi","status":"publish","type":"post","link":"https:\/\/www.athlestats.fr\/blog_uai_demi_fond\/?p=11486","title":{"rendered":"Dimanche 24 mars 2024, 10km ou semi ?"},"content":{"rendered":"<h4><img loading=\"lazy\" decoding=\"async\" class=\"alignleft\" src=\"https:\/\/www.c2a-athletisme.com\/media\/uploaded\/sites\/1180\/kcupload\/images\/Foul%C3%A9e%20d%27Aubergenville%281%29.jpg\" alt=\"\" width=\"305\" height=\"432\" \/>Dimanche 24 mars 2024<br \/>\n\u00e0 Aubergenville ou Joinville-le-Pont<\/h4>\n<p><strong>Au choix :<\/strong><\/p>\n<p><strong><a href=\"https:\/\/www.c2a-athletisme.com\/en-savoir-plus\/presentation-90134\" target=\"_blank\">10km aux Foul\u00e9es d&rsquo;Aubergenville<br \/>\n<\/a>Place Louvain \/ Stade Alain Mimoun<br \/>\nAubergenville<\/strong><\/p>\n<h4>RDV \u00e0 6H45 au stade pour le 5km<br \/>\nRDV \u00e0 7h30 au stade pour le 10km<br \/>\nou bien sur place 1 heure 15 avant votre course<\/h4>\n<p><strong>D\u00e9part du 5km : 9h<br \/>\nD\u00e9part du 10km : 10h<\/strong><\/p>\n<p><strong>ou<\/strong><\/p>\n<p><strong><a href=\"http:\/\/acpj.athle.fr\/asp.net\/espaces.html\/html.aspx?id=48123\" target=\"_blank\">Semi-marathon \u00e0 Joinville<br \/>\n<\/a>Place Bergisch Gladbach<br \/>\nJoinville-le-Pont<\/strong><\/p>\n<h4>RDV sur place \u00e0 8h15<\/h4>\n<p><strong>D\u00e9part \u00e0 9h30<\/strong><\/p>\n<h4><span style=\"font-weight: normal;\">Le     club prend en charge les modalit\u00e9s et les frais d\u2019engagement de   ces    comp\u00e9titions apr\u00e8s acceptation de la distance par les entra\u00eeneurs.<br \/>\nNous nous chargeons de tout mais r\u00e9ponse obligatoirement et imp\u00e9rativement avant jeudi 7 mars 2024, 20h dans les commentaires de cet article ou sur le sondage d\u00e9di\u00e9 du groupe WhatsApp.<\/span><\/h4>\n<p>A noter aussi :<\/p>\n<p>&#8211; Exclusivement pour les cadets \/ juniors, possibilit\u00e9 exceptionnelle de participer au 5km des Foul\u00e9es d&rsquo;Aubergenville \u00e0 la place du 10km.<\/p>\n<p>&#8211; Le m\u00eame jour est organis\u00e9 \u00e0 <strong><a href=\"https:\/\/sites.google.com\/view\/sa91foulees\/\" target=\"_blank\">Savigny-sur-Orge, un match interd\u00e9partemental 10km jeunes<\/a><\/strong>. Tous les athl\u00e8tes (cadets \/ juniors \/ espoirs)\u00a0 ayant particip\u00e9 aux championnats R\u00e9gionaux et LIFA de cross seront invit\u00e9s par la ligue \u00e0 participer \u00e0 ce match. Les \u00e9quipes d\u00e9partementales seront constitu\u00e9es en fonction des retours positifs. Concern\u00e9(e)s, vous avez d\u00fb recevoir un mail. Merci aussi de nous communiquer votre participation ou non \u00e0 cette s\u00e9lection.<\/p>\n<p><strong>Liste d\u00e9finitive :<\/strong><\/p>\n<p><strong><a href=\"https:\/\/www.spe15.fr\/aubergenville-la-chasse-au-minima\/\" target=\"_blank\">Aubergenville<\/a><br \/>\n5km<\/strong><br \/>\nEMILIE ROSE &#8211; CHARLOTTE &#8211; KARLA &#8211; JESSICA &#8211; JEROME &#8211; MATTEO &#8211; TITOUAN<br \/>\n<strong>10km<\/strong><br \/>\nOPHELIE &#8211; ANTONIN &#8211; MAXIME &#8211; THOMAS MF &#8211; SOPHIE D- CHARLES &#8211; DENIS &#8211; THOMAS Z &#8211; ERIC M &#8211; VALENTINE<\/p>\n<p><strong>Semi Joinville<\/strong><br \/>\nCLEMENT J &#8211; AUBIN &#8211; ELODIE &#8211; LAURA P &#8211; FREDERIC B &#8211; FREDERIC A &#8211; MATHIEU C &#8211; STEPHANE &#8211; ARNAUD &#8211; OLIVIER P &#8211; DOMINIQUE &#8211; SYLVAIN P &#8211; MATIAS<\/p>\n<p><strong>10km Savigny<\/strong><br \/>\nNICOLA &#8211; INES<\/p>\n","protected":false},"excerpt":{"rendered":"<p>Dimanche 24 mars 2024 \u00e0 Aubergenville ou Joinville-le-Pont Au choix : 10km aux Foul\u00e9es d&rsquo;Aubergenville Place Louvain \/ Stade Alain Mimoun Aubergenville RDV \u00e0 6H45 au stade pour le 5km RDV \u00e0 7h30 au stade pour le 10km ou bien sur place 1 heure 15 avant votre course D\u00e9part du 5km : 9h D\u00e9part du [&hellip;]<\/p>\n","protected":false},"author":2,"featured_media":0,"comment_status":"open","ping_status":"open","sticky":false,"template":"","format":"standard","meta":{"footnotes":""},"categories":[4,5],"tags":[],"class_list":["post-11486","post","type-post","status-publish","format-standard","hentry","category-competitions","category-route"],"_links":{"self":[{"href":"https:\/\/www.athlestats.fr\/blog_uai_demi_fond\/index.php?rest_route=\/wp\/v2\/posts\/11486"}],"collection":[{"href":"https:\/\/www.athlestats.fr\/blog_uai_demi_fond\/index.php?rest_route=\/wp\/v2\/posts"}],"about":[{"href":"https:\/\/www.athlestats.fr\/blog_uai_demi_fond\/index.php?rest_route=\/wp\/v2\/types\/post"}],"author":[{"embeddable":true,"href":"https:\/\/www.athlestats.fr\/blog_uai_demi_fond\/index.php?rest_route=\/wp\/v2\/users\/2"}],"replies":[{"embeddable":true,"href":"https:\/\/www.athlestats.fr\/blog_uai_demi_fond\/index.php?rest_route=%2Fwp%2Fv2%2Fcomments&post=11486"}],"version-history":[{"count":13,"href":"https:\/\/www.athlestats.fr\/blog_uai_demi_fond\/index.php?rest_route=\/wp\/v2\/posts\/11486\/revisions"}],"predecessor-version":[{"id":11521,"href":"https:\/\/www.athlestats.fr\/blog_uai_demi_fond\/index.php?rest_route=\/wp\/v2\/posts\/11486\/revisions\/11521"}],"wp:attachment":[{"href":"https:\/\/www.athlestats.fr\/blog_uai_demi_fond\/index.php?rest_route=%2Fwp%2Fv2%2Fmedia&parent=11486"}],"wp:term":[{"taxonomy":"category","embeddable":true,"href":"https:\/\/www.athlestats.fr\/blog_uai_demi_fond\/index.php?rest_route=%2Fwp%2Fv2%2Fcategories&post=11486"},{"taxonomy":"post_tag","embeddable":true,"href":"https:\/\/www.athlestats.fr\/blog_uai_demi_fond\/index.php?rest_route=%2Fwp%2Fv2%2Ftags&post=11486"}],"curies":[{"name":"wp","href":"https:\/\/api.w.org\/{rel}","templated":true}]}}