{"id":11418,"date":"2024-01-31T10:41:48","date_gmt":"2024-01-31T09:41:48","guid":{"rendered":"http:\/\/www.athlestats.fr\/blog_uai_demi_fond\/?p=11418"},"modified":"2024-02-05T13:38:46","modified_gmt":"2024-02-05T12:38:46","slug":"foulees-charentonnaises-2024","status":"publish","type":"post","link":"https:\/\/www.athlestats.fr\/blog_uai_demi_fond\/?p=11418","title":{"rendered":"Foul\u00e9es Charentonnaises 2024"},"content":{"rendered":"<h4 style=\"font-family: Arial, Verdana, sans-serif; font-size: medium;\">[singlepic id=21231 w=320 h=240 float=left]Dimanche 11 f\u00e9vrier 2024<br \/>\n\u00e0 Charenton-le-Pont<br \/>\nLe retrait des dossards, la consigne et les vestiaires se situent dans le Gymnase Nelson Paillou :<em><br \/>\n<\/em>March\u00e9 couvert de Charenton<br \/>\n1 ou 4 bis avenue Anatole France<\/h4>\n<h4 style=\"font-family: Arial, Verdana, sans-serif; font-size: medium;\">RDV \u00e0 8h00 au stade<br \/>\nou bien sur place 1 heure 15 avant votre course<\/h4>\n<p style=\"font-variant-numeric: normal; font-variant-east-asian: normal; font-stretch: normal; font-size: 14.4px; line-height: normal; font-family: Arial, Verdana, sans-serif;\">D\u00e9parts :<br \/>\n9h45 \u2013 5 km<br \/>\n10h30 \u2013 15 km<\/p>\n<p style=\"font-variant-numeric: normal; font-variant-east-asian: normal; font-stretch: normal; font-size: 14.4px; line-height: normal; font-family: Arial, Verdana, sans-serif;\"><a style=\"color: #fa4949;\" href=\"https:\/\/www.lesfouleescharentonnaises.fr\/\" target=\"_blank\">En s@voir plus\u2026<\/a><\/p>\n<p style=\"font-variant-numeric: normal; font-variant-east-asian: normal; font-stretch: normal; font-size: 14.4px; line-height: normal; font-family: Arial, Verdana, sans-serif;\"><a href=\"http:\/\/www.athlestats.fr\/blog_uai_demi_fond\/?page_id=10786\" target=\"_self\">Les photos de l\u2019\u00e9dition pr\u00e9c\u00e9dentes&#8230;<\/a><\/p>\n<p style=\"font-variant-numeric: normal; font-variant-east-asian: normal; font-stretch: normal; font-size: 14.4px; line-height: normal; font-family: Arial, Verdana, sans-serif;\">Le     club prend en charge les modalit\u00e9s et les frais d\u2019engagement de  cette    comp\u00e9tition apr\u00e8s acceptation de la distance par les  entraineurs.<br \/>\nNous nous chargeons de tout mais r\u00e9ponse obligatoirement et imp\u00e9rativement avant <strong>dimanche 4 f\u00e9vrier 2024, 23h59 dans les commentaires de cet article ou sur le sondage d\u00e9di\u00e9 du groupe WhatsApp.<\/strong><\/p>\n<p style=\"font-variant-numeric: normal; font-variant-east-asian: normal; font-stretch: normal; font-size: 14.4px; line-height: normal; font-family: Arial, Verdana, sans-serif;\"><strong>Les inscrits :<\/strong><\/p>\n<p style=\"font-variant-numeric: normal; font-variant-east-asian: normal; font-stretch: normal; font-size: 14.4px; line-height: normal; font-family: Arial, Verdana, sans-serif;\"><strong>Sur 5km<\/strong><br \/>\nAICHA<br \/>\nMAIWENN<br \/>\nOPHELIE<br \/>\nSOPHIE C<br \/>\nEMMANUELLE<br \/>\nNICOLA<br \/>\nMATHEO<br \/>\nMATTEO<br \/>\nFREDERIC B<br \/>\nJESSICA<br \/>\nCHARLES<\/p>\n<p style=\"font-variant-numeric: normal; font-variant-east-asian: normal; font-stretch: normal; font-size: 14.4px; line-height: normal; font-family: Arial, Verdana, sans-serif;\"><strong>Sur 15km<\/strong><br \/>\nSOPHIE D<br \/>\nMATHIEU C<br \/>\nARNAUD<br \/>\nAUBIN<br \/>\nCLEMENT J<br \/>\nPEGGY-LAURE<br \/>\nFREDERIC A<br \/>\nOLIVIER P<br \/>\nDENIS<br \/>\nJEAN-DOMINIQUE<br \/>\nELODIE<br \/>\nMIKAEL<br \/>\nANTONIN<br \/>\nALEXANDRE D<br \/>\nTITO<br \/>\nLAURA T<br \/>\nALEXANDRE F<br \/>\nCHARLY<\/p>\n","protected":false},"excerpt":{"rendered":"<p>[singlepic id=21231 w=320 h=240 float=left]Dimanche 11 f\u00e9vrier 2024 \u00e0 Charenton-le-Pont Le retrait des dossards, la consigne et les vestiaires se situent dans le Gymnase Nelson Paillou : March\u00e9 couvert de Charenton 1 ou 4 bis avenue Anatole France RDV \u00e0 8h00 au stade ou bien sur place 1 heure 15 avant votre course D\u00e9parts : [&hellip;]<\/p>\n","protected":false},"author":2,"featured_media":0,"comment_status":"open","ping_status":"open","sticky":false,"template":"","format":"standard","meta":{"footnotes":""},"categories":[4,5],"tags":[],"class_list":["post-11418","post","type-post","status-publish","format-standard","hentry","category-competitions","category-route"],"_links":{"self":[{"href":"https:\/\/www.athlestats.fr\/blog_uai_demi_fond\/index.php?rest_route=\/wp\/v2\/posts\/11418"}],"collection":[{"href":"https:\/\/www.athlestats.fr\/blog_uai_demi_fond\/index.php?rest_route=\/wp\/v2\/posts"}],"about":[{"href":"https:\/\/www.athlestats.fr\/blog_uai_demi_fond\/index.php?rest_route=\/wp\/v2\/types\/post"}],"author":[{"embeddable":true,"href":"https:\/\/www.athlestats.fr\/blog_uai_demi_fond\/index.php?rest_route=\/wp\/v2\/users\/2"}],"replies":[{"embeddable":true,"href":"https:\/\/www.athlestats.fr\/blog_uai_demi_fond\/index.php?rest_route=%2Fwp%2Fv2%2Fcomments&post=11418"}],"version-history":[{"count":11,"href":"https:\/\/www.athlestats.fr\/blog_uai_demi_fond\/index.php?rest_route=\/wp\/v2\/posts\/11418\/revisions"}],"predecessor-version":[{"id":11427,"href":"https:\/\/www.athlestats.fr\/blog_uai_demi_fond\/index.php?rest_route=\/wp\/v2\/posts\/11418\/revisions\/11427"}],"wp:attachment":[{"href":"https:\/\/www.athlestats.fr\/blog_uai_demi_fond\/index.php?rest_route=%2Fwp%2Fv2%2Fmedia&parent=11418"}],"wp:term":[{"taxonomy":"category","embeddable":true,"href":"https:\/\/www.athlestats.fr\/blog_uai_demi_fond\/index.php?rest_route=%2Fwp%2Fv2%2Fcategories&post=11418"},{"taxonomy":"post_tag","embeddable":true,"href":"https:\/\/www.athlestats.fr\/blog_uai_demi_fond\/index.php?rest_route=%2Fwp%2Fv2%2Ftags&post=11418"}],"curies":[{"name":"wp","href":"https:\/\/api.w.org\/{rel}","templated":true}]}}