{"id":11290,"date":"2023-11-30T19:20:54","date_gmt":"2023-11-30T18:20:54","guid":{"rendered":"http:\/\/www.athlestats.fr\/blog_uai_demi_fond\/?p=11290"},"modified":"2023-12-04T08:45:48","modified_gmt":"2023-12-04T07:45:48","slug":"corrida-de-thiais-2023","status":"publish","type":"post","link":"https:\/\/www.athlestats.fr\/blog_uai_demi_fond\/?p=11290","title":{"rendered":"Corrida de Thiais 2023"},"content":{"rendered":"<h4><a href=\"https:\/\/www.corridadethiais.com\/\"><img loading=\"lazy\" decoding=\"async\" class=\"alignleft\" src=\"https:\/\/www.sport-up.fr\/diaporama\/photo\/347\/10%20km%20piste%20(87).JPG\" alt=\"\" width=\"368\" height=\"255\" \/><\/a>Dimanche 10 d\u00e9cembre 2023<br \/>\nau Palais Omnisports de Thiais<br \/>\nPlace Vincent Van Gogh<br \/>\nThiais<\/h4>\n<h4>RDV \u00e0 7H30 au stade<br \/>\nou bien sur place 1 heure 15 avant votre course<\/h4>\n<p><a href=\"http:\/\/www.corridadethiais.com\/\" target=\"_blank\">En s@voir plus\u2026<\/a><\/p>\n<p>D\u00e9part du 5km \u2013 9h00<br \/>\nD\u00e9part du 10km \u2013 10h10<\/p>\n<p>L\u2019UAI prendra en charge l\u2019inscription et le r\u00e8glement de ces    courses (c&rsquo;est notre cadeau de No\u00ebl), 5km ou 10km (de rien Peggy), mais seulement \u00e0 partir de la cat\u00e9gorie Espoir (n\u00e9gociations possibles sinon).<br \/>\nNous nous chargeons de tout mais r\u00e9ponse obligatoirement et imp\u00e9rativement (n&rsquo;est-ce pas Hubert) avant <strong>dimanche 3 d\u00e9cembre 2023, 23h59 dans les commentaires de cet article ou sur le sondage du groupe WhatsApp.<\/strong><\/p>\n<p><strong>La liste d\u00e9finitive :<br \/>\n10 km<\/strong> Charlotte L \/ Cl\u00e9ment J \/ Sophie D \/ Jean-Do \/ Alexandre D \/ Nicolas B \/ Laura T \/ Albane \/ Mathieu C \/ Alexandre F<strong><br \/>\n5 km <\/strong>Dominique \/ Aubin \/ Charles \/ Math\u00e9o \/ Jessica<strong><br \/>\n<\/strong><\/p>\n","protected":false},"excerpt":{"rendered":"<p>Dimanche 10 d\u00e9cembre 2023 au Palais Omnisports de Thiais Place Vincent Van Gogh Thiais RDV \u00e0 7H30 au stade ou bien sur place 1 heure 15 avant votre course En s@voir plus\u2026 D\u00e9part du 5km \u2013 9h00 D\u00e9part du 10km \u2013 10h10 L\u2019UAI prendra en charge l\u2019inscription et le r\u00e8glement de ces courses (c&rsquo;est notre [&hellip;]<\/p>\n","protected":false},"author":2,"featured_media":0,"comment_status":"open","ping_status":"open","sticky":false,"template":"","format":"standard","meta":{"footnotes":""},"categories":[4,5],"tags":[],"class_list":["post-11290","post","type-post","status-publish","format-standard","hentry","category-competitions","category-route"],"_links":{"self":[{"href":"https:\/\/www.athlestats.fr\/blog_uai_demi_fond\/index.php?rest_route=\/wp\/v2\/posts\/11290"}],"collection":[{"href":"https:\/\/www.athlestats.fr\/blog_uai_demi_fond\/index.php?rest_route=\/wp\/v2\/posts"}],"about":[{"href":"https:\/\/www.athlestats.fr\/blog_uai_demi_fond\/index.php?rest_route=\/wp\/v2\/types\/post"}],"author":[{"embeddable":true,"href":"https:\/\/www.athlestats.fr\/blog_uai_demi_fond\/index.php?rest_route=\/wp\/v2\/users\/2"}],"replies":[{"embeddable":true,"href":"https:\/\/www.athlestats.fr\/blog_uai_demi_fond\/index.php?rest_route=%2Fwp%2Fv2%2Fcomments&post=11290"}],"version-history":[{"count":6,"href":"https:\/\/www.athlestats.fr\/blog_uai_demi_fond\/index.php?rest_route=\/wp\/v2\/posts\/11290\/revisions"}],"predecessor-version":[{"id":11307,"href":"https:\/\/www.athlestats.fr\/blog_uai_demi_fond\/index.php?rest_route=\/wp\/v2\/posts\/11290\/revisions\/11307"}],"wp:attachment":[{"href":"https:\/\/www.athlestats.fr\/blog_uai_demi_fond\/index.php?rest_route=%2Fwp%2Fv2%2Fmedia&parent=11290"}],"wp:term":[{"taxonomy":"category","embeddable":true,"href":"https:\/\/www.athlestats.fr\/blog_uai_demi_fond\/index.php?rest_route=%2Fwp%2Fv2%2Fcategories&post=11290"},{"taxonomy":"post_tag","embeddable":true,"href":"https:\/\/www.athlestats.fr\/blog_uai_demi_fond\/index.php?rest_route=%2Fwp%2Fv2%2Ftags&post=11290"}],"curies":[{"name":"wp","href":"https:\/\/api.w.org\/{rel}","templated":true}]}}