{"id":11255,"date":"2023-11-25T15:19:18","date_gmt":"2023-11-25T14:19:18","guid":{"rendered":"http:\/\/www.athlestats.fr\/blog_uai_demi_fond\/?p=11255"},"modified":"2023-12-02T13:39:38","modified_gmt":"2023-12-02T12:39:38","slug":"cross-de-sucy-ou-des-mureaux","status":"publish","type":"post","link":"https:\/\/www.athlestats.fr\/blog_uai_demi_fond\/?p=11255","title":{"rendered":"Cross de Sucy ou des Mureaux"},"content":{"rendered":"<p><a href=\"http:\/\/www.athlestats.fr\/blog_uai_demi_fond\/wp-content\/gallery\/championnats-departementaux-de-cross-court-du-94-2016\/dsc_2412.jpg\"><img loading=\"lazy\" decoding=\"async\" class=\"    alignleft\" title=\"O\u00f9 est Charlie ? Non, pas de jeu sur cette photo mais c'est bien d'avoir regard\u00e9.\" src=\"http:\/\/www.athlestats.fr\/blog_uai_demi_fond\/wp-content\/gallery\/championnats-departementaux-de-cross-court-du-94-2016\/dsc_2412.jpg\" alt=\"Pas de jeu sur cette photo mais cest bien davoir regard\u00e9.\" width=\"461\" height=\"306\" \/><\/a><strong>Dimanche 3 d\u00e9cembre 2023<a href=\"http:\/\/cda94.athle.com\/upload\/ssites\/001309\/perso\/affiche_cross_de_sucy_2023_vf.pdf\" target=\"_blank\"><br \/>\nCross de Sucy<br \/>\n<\/a>au Parc Omnisports<br \/>\nRoute de la Queue en Brie<br \/>\nSucy-en-Brie<br \/>\nRDV \u00e0 8H00 au stade ou bien sur place 1 heure 15 avant votre course <\/strong><\/p>\n<p>ou bien<\/p>\n<p><strong><a href=\"https:\/\/www.gpseoathletisme.com\/saison-2023-2024\/actualites-du-club\/cross-national-delir-run-marche-nordique--les-inscriptions-sont-ouvertes--1073245\" target=\"_blank\">Cross National des Mureaux<\/a><br \/>\n\u00e0 l\u2019\u00cele de Loisir du Val de Seine \u2013 Chemin du Rouillard<br \/>\nLes Mureaux ou Verneuil-sur-Seine<br \/>\nRDV sur place 1 heure 15 avant votre course<\/strong><\/p>\n<p>D\u00e9placement club \u00e0 Sucy, comme chaque saison, c&rsquo;est le dernier cross avant No\u00ebl et nous aimerions le maximum d&rsquo;athl\u00e8tes pr\u00e9sents.<\/p>\n<p>Mais si quelques athl\u00e8tes veulent courir aux Mureaux, cross le plus relev\u00e9 d&rsquo;\u00cele-de-France, et accompagner Oph\u00e9lie, c&rsquo;est possible !<\/p>\n<p>Les Mureaux seront aussi le th\u00e9\u00e2tre des <strong><a href=\"https:\/\/www.lifa-athle.fr\/competition\/championnats-d-ile-de-france-de-relais-cross-2024\" target=\"_blank\">Championnats d&rsquo;\u00cele-de-France de Relais-cross 2024<\/a><\/strong>. Attention les inscriptions pour le relais seront closes lundi midi. Merci de nous dire rapidement si une \u00e9quipe s&rsquo;organise&#8230;<\/p>\n<p>Nous nous chargeons des inscriptions et des frais d&rsquo;engagement pour les deux cross, mais r\u00e9ponse obligatoirement avant <strong>mardi 28 octobre, 20h dans les commentaires de cet article ou sur le sondage du groupe WhatsApp. <\/strong>Attention pour Les Mureaux, nous pr\u00e9ciser si c&rsquo;est sur cross court ou cross long.<strong> <\/strong>Par contre, pour Sucy, il n&rsquo;y a plus le choix, c&rsquo;est le long pour tout le monde car les D\u00e9partementaux de cross court auront lieu au Tremblay le 14 janvier 2024.<strong> <\/strong>Une sacr\u00e9e prise de t\u00eate en moins pour certain&#8230;<strong> <\/strong><\/p>\n<p><strong>Les partants :<\/strong><br \/>\n<strong>Petite voiture sp\u00e9ciale cross court aux Mureaux :<\/strong> Oph\u00e9lie &#8211; Sam &#8211; Thomas MF &#8211; Hubert<strong><br \/>\n<a href=\"https:\/\/bases.athle.fr\/asp.net\/liste.aspx?frmpostback=true&amp;frmbase=qualifies&amp;frmmode=1&amp;frmespace=1309&amp;frmsaison=30&amp;frmcompetition=34926&amp;frmepreuve=&amp;frmetat=&amp;frmcategorie=&amp;frmsexe=&amp;frmligue=&amp;frmdepartement=&amp;frmclub=094041\" target=\"_blank\">Gros convoi \u00e0 Sucy&#8230;<\/a><\/strong><\/p>\n<p><strong> <\/strong><\/p>\n<p><strong> <\/strong><\/p>\n","protected":false},"excerpt":{"rendered":"<p>Dimanche 3 d\u00e9cembre 2023 Cross de Sucy au Parc Omnisports Route de la Queue en Brie Sucy-en-Brie RDV \u00e0 8H00 au stade ou bien sur place 1 heure 15 avant votre course ou bien Cross National des Mureaux \u00e0 l\u2019\u00cele de Loisir du Val de Seine \u2013 Chemin du Rouillard Les Mureaux ou Verneuil-sur-Seine RDV [&hellip;]<\/p>\n","protected":false},"author":2,"featured_media":0,"comment_status":"open","ping_status":"open","sticky":false,"template":"","format":"standard","meta":{"footnotes":""},"categories":[4,7],"tags":[],"class_list":["post-11255","post","type-post","status-publish","format-standard","hentry","category-competitions","category-cross"],"_links":{"self":[{"href":"https:\/\/www.athlestats.fr\/blog_uai_demi_fond\/index.php?rest_route=\/wp\/v2\/posts\/11255"}],"collection":[{"href":"https:\/\/www.athlestats.fr\/blog_uai_demi_fond\/index.php?rest_route=\/wp\/v2\/posts"}],"about":[{"href":"https:\/\/www.athlestats.fr\/blog_uai_demi_fond\/index.php?rest_route=\/wp\/v2\/types\/post"}],"author":[{"embeddable":true,"href":"https:\/\/www.athlestats.fr\/blog_uai_demi_fond\/index.php?rest_route=\/wp\/v2\/users\/2"}],"replies":[{"embeddable":true,"href":"https:\/\/www.athlestats.fr\/blog_uai_demi_fond\/index.php?rest_route=%2Fwp%2Fv2%2Fcomments&post=11255"}],"version-history":[{"count":22,"href":"https:\/\/www.athlestats.fr\/blog_uai_demi_fond\/index.php?rest_route=\/wp\/v2\/posts\/11255\/revisions"}],"predecessor-version":[{"id":11295,"href":"https:\/\/www.athlestats.fr\/blog_uai_demi_fond\/index.php?rest_route=\/wp\/v2\/posts\/11255\/revisions\/11295"}],"wp:attachment":[{"href":"https:\/\/www.athlestats.fr\/blog_uai_demi_fond\/index.php?rest_route=%2Fwp%2Fv2%2Fmedia&parent=11255"}],"wp:term":[{"taxonomy":"category","embeddable":true,"href":"https:\/\/www.athlestats.fr\/blog_uai_demi_fond\/index.php?rest_route=%2Fwp%2Fv2%2Fcategories&post=11255"},{"taxonomy":"post_tag","embeddable":true,"href":"https:\/\/www.athlestats.fr\/blog_uai_demi_fond\/index.php?rest_route=%2Fwp%2Fv2%2Ftags&post=11255"}],"curies":[{"name":"wp","href":"https:\/\/api.w.org\/{rel}","templated":true}]}}