{"id":11201,"date":"2023-11-06T18:41:10","date_gmt":"2023-11-06T17:41:10","guid":{"rendered":"http:\/\/www.athlestats.fr\/blog_uai_demi_fond\/?p=11201"},"modified":"2023-11-16T18:50:56","modified_gmt":"2023-11-16T17:50:56","slug":"cross-national-du-val-de-marne-2023","status":"publish","type":"post","link":"https:\/\/www.athlestats.fr\/blog_uai_demi_fond\/?p=11201","title":{"rendered":"Cross National du Val-de-Marne 2023"},"content":{"rendered":"<h4><a href=\"http:\/\/cda94.athle.com\/asp.net\/espaces.html\/html.aspx?id=38862\"><img loading=\"lazy\" decoding=\"async\" class=\"alignleft\" src=\"http:\/\/cda94.athle.com\/upload\/ssites\/001309\/cross_vdm-idf\/flyer_cross_vdm_a5_landscape_recto_13oct.jpg\" alt=\"\" width=\"446\" height=\"314\" \/><\/a>Dimanche 19 novembre 2023<br \/>\nau Parc Interd\u00e9partemental des Sports Paris Val-de-Marne Chemin des B\u0153ufs<br \/>\nCr\u00e9teil (ou Choisy, je ne sais plus)<\/h4>\n<h4>RDV \u00e0 8h au stade<br \/>\nou bien sur place 1 heure 15 avant votre course<br \/>\nOn recherche quelques volontaires pour monter la tente, exp\u00e9riences  camping et festival rock appr\u00e9ci\u00e9es. Le RDV \u00e0 8h est fix\u00e9 pour que les  Masters aient le temps de s\u2019\u00e9chauffer.<\/h4>\n<p><a href=\"http:\/\/cda94.athle.com\/asp.net\/espaces.html\/html.aspx?id=38862\" target=\"_blank\">En s@voir plus&#8230;<\/a><\/p>\n<p><a href=\"http:\/\/cda94.athle.com\/asp.net\/espaces.html\/html.aspx?id=38863\" target=\"_blank\">Les horaires et les distances&#8230;<\/a><\/p>\n<p>A part les deux \u00e9quipes qualifi\u00e9es aux France d&rsquo;Ekiden, nous aimerions bien que  tout le monde participe \u00e0 ce premier grand rendez-vous cross. Avis aux amateurs de court et aux lecteurs attentifs de ce blog, il y a aussi un relais mixte 4 x 2000m au programme&#8230; Premiers arriv\u00e9s, premiers servis !<\/p>\n<p><strong><em>Tr\u00e8s important, le Comit\u00e9 du Val-de-Marne a besoin de notre aide pour la pr\u00e9paration et le tra\u00e7age du parcours, le samedi 18 et aussi pour le rangement le dimanche apr\u00e8s les courses. Il faudrait que l&rsquo;on soit une dizaine sur ces deux missions. J&rsquo;ai privil\u00e9gi\u00e9 ces missions pour qu&rsquo;on puisse participer en nombre aux courses. Comme vous le savez, l&rsquo;UAI, c&rsquo;est un club associatif qui ne fonctionne qu&rsquo;avec l&rsquo;\u00e9nergie de ses membres. En participant \u00e0 l&rsquo;organisation de ces \u00e9v\u00e8nements (il y aura la m\u00eame demande pour les Championnats du Val-de-Marne de Cross), vous apportez votre aide au fonctionnement du club et comme \u00ab\u00a0l&rsquo;UAI, c&rsquo;est nous\u00a0\u00bb, vous participez \u00e0 la vie de votre club pr\u00e9f\u00e9r\u00e9 et c&rsquo;est important pour notre avenir et pour notre fort engagement dans l&rsquo;athl\u00e9tisme du Val-de-Marne. Merci. <\/em><\/strong><\/p>\n<p>Les aides (merci beaucoup !)<br \/>\nDisponible le vendredi (dossards) : Alain Degand<br \/>\nDisponibles le Samedi (parcours ou dossards) : Sophie Dore \/ Samuel Bell \/ Charles Fautra \/ Dimathie Goudiaby<br \/>\nDisponible le dimanche pour le rangement (16h dimanche) : Denis Felicio \/ Armelle Brisciano Barth \/ Tito Claudio Nappi \/ Julie Marzek \/ V\u00e9ronique Gibielle \/ Fred Abraham \/ Marie-Lise De Sousa \/ Dominique Tr\u00e9visan \/ Sophie Dor\u00e9<\/p>\n<p><a href=\"https:\/\/bases.athle.fr\/asp.net\/liste.aspx?frmpostback=true&amp;frmbase=qualifies&amp;frmmode=1&amp;frmespace=1309&amp;frmsaison=30&amp;frmcompetition=34753&amp;frmepreuve=&amp;frmetat=&amp;frmcategorie=&amp;frmsexe=&amp;frmligue=&amp;frmdepartement=&amp;frmclub=094041\" target=\"_blank\">Les engag\u00e9s&#8230;<\/a><\/p>\n<p>Et deux \u00e9quipes de relais 4 x 2000m (dans cet ordre) :<\/p>\n<p>Thomas MF \/ In\u00e8s \/ Math\u00e9o \/ Amandine<br \/>\nDenis \/ Sophie D \/ Djimathie \/ V\u00e9ro Gi<\/p>\n","protected":false},"excerpt":{"rendered":"<p>Dimanche 19 novembre 2023 au Parc Interd\u00e9partemental des Sports Paris Val-de-Marne Chemin des B\u0153ufs Cr\u00e9teil (ou Choisy, je ne sais plus) RDV \u00e0 8h au stade ou bien sur place 1 heure 15 avant votre course On recherche quelques volontaires pour monter la tente, exp\u00e9riences camping et festival rock appr\u00e9ci\u00e9es. Le RDV \u00e0 8h est [&hellip;]<\/p>\n","protected":false},"author":2,"featured_media":0,"comment_status":"open","ping_status":"open","sticky":false,"template":"","format":"standard","meta":{"footnotes":""},"categories":[4,7],"tags":[],"class_list":["post-11201","post","type-post","status-publish","format-standard","hentry","category-competitions","category-cross"],"_links":{"self":[{"href":"https:\/\/www.athlestats.fr\/blog_uai_demi_fond\/index.php?rest_route=\/wp\/v2\/posts\/11201"}],"collection":[{"href":"https:\/\/www.athlestats.fr\/blog_uai_demi_fond\/index.php?rest_route=\/wp\/v2\/posts"}],"about":[{"href":"https:\/\/www.athlestats.fr\/blog_uai_demi_fond\/index.php?rest_route=\/wp\/v2\/types\/post"}],"author":[{"embeddable":true,"href":"https:\/\/www.athlestats.fr\/blog_uai_demi_fond\/index.php?rest_route=\/wp\/v2\/users\/2"}],"replies":[{"embeddable":true,"href":"https:\/\/www.athlestats.fr\/blog_uai_demi_fond\/index.php?rest_route=%2Fwp%2Fv2%2Fcomments&post=11201"}],"version-history":[{"count":9,"href":"https:\/\/www.athlestats.fr\/blog_uai_demi_fond\/index.php?rest_route=\/wp\/v2\/posts\/11201\/revisions"}],"predecessor-version":[{"id":11228,"href":"https:\/\/www.athlestats.fr\/blog_uai_demi_fond\/index.php?rest_route=\/wp\/v2\/posts\/11201\/revisions\/11228"}],"wp:attachment":[{"href":"https:\/\/www.athlestats.fr\/blog_uai_demi_fond\/index.php?rest_route=%2Fwp%2Fv2%2Fmedia&parent=11201"}],"wp:term":[{"taxonomy":"category","embeddable":true,"href":"https:\/\/www.athlestats.fr\/blog_uai_demi_fond\/index.php?rest_route=%2Fwp%2Fv2%2Fcategories&post=11201"},{"taxonomy":"post_tag","embeddable":true,"href":"https:\/\/www.athlestats.fr\/blog_uai_demi_fond\/index.php?rest_route=%2Fwp%2Fv2%2Ftags&post=11201"}],"curies":[{"name":"wp","href":"https:\/\/api.w.org\/{rel}","templated":true}]}}