{"id":11145,"date":"2023-10-18T17:45:11","date_gmt":"2023-10-18T15:45:11","guid":{"rendered":"http:\/\/www.athlestats.fr\/blog_uai_demi_fond\/?p=11145"},"modified":"2023-11-08T13:58:21","modified_gmt":"2023-11-08T12:58:21","slug":"stage-d%e2%80%99athletisme-du-11-au-18-avril-2024","status":"publish","type":"post","link":"https:\/\/www.athlestats.fr\/blog_uai_demi_fond\/?p=11145","title":{"rendered":"Stage d\u2019athl\u00e9tisme du 11 au 18 avril 2024"},"content":{"rendered":"<p><a href=\"http:\/\/www.athlestats.fr\/blog_uai_demi_fond\/wp-content\/uploads\/2023\/10\/montepub.jpg\"><img loading=\"lazy\" decoding=\"async\" class=\"alignleft size-medium wp-image-11148\" title=\"montepub\" src=\"http:\/\/www.athlestats.fr\/blog_uai_demi_fond\/wp-content\/uploads\/2023\/10\/montepub-300x300.jpg\" alt=\"montepub\" width=\"300\" height=\"300\" srcset=\"https:\/\/www.athlestats.fr\/blog_uai_demi_fond\/wp-content\/uploads\/2023\/10\/montepub-300x300.jpg 300w, https:\/\/www.athlestats.fr\/blog_uai_demi_fond\/wp-content\/uploads\/2023\/10\/montepub-150x150.jpg 150w, https:\/\/www.athlestats.fr\/blog_uai_demi_fond\/wp-content\/uploads\/2023\/10\/montepub-1024x1024.jpg 1024w, https:\/\/www.athlestats.fr\/blog_uai_demi_fond\/wp-content\/uploads\/2023\/10\/montepub.jpg 1560w\" sizes=\"(max-width: 300px) 100vw, 300px\" \/><\/a>Cette  saison, le club de l\u2019UAI Nogent repart \u00e0 Monte Gordo au Portugal  (A\u00e9roport de Faro) pour son traditionnel stage de printemps.<\/p>\n<p>On reprend les m\u00eames et on recommence ! Enfin, on change d&rsquo;h\u00f4tel, option grand luxe et super restau, <strong><a href=\"https:\/\/www.hotelalcazaralgarve.com\/fr\/\" target=\"_blank\">H\u00f4tel Alcazar<\/a><\/strong>, comme il y a deux ans.<\/p>\n<p>Toutes les infos ici :<\/p>\n<p>[attachments docid=11146 force_saveas=\u00a0\u00bb0&Prime; logged_users=\u00a0\u00bb0&Prime;]<\/p>\n<p><em><strong>Pour info, les horaires des vols pour Faro recommand\u00e9s pour les 11 et 18\/04 ont chang\u00e9 :<\/strong><\/em><\/p>\n<p><em><strong> Aller : 6h50-8h25<br \/>\nRetour : 8h55-12h25<\/strong><\/em><\/p>\n","protected":false},"excerpt":{"rendered":"<p>Cette saison, le club de l\u2019UAI Nogent repart \u00e0 Monte Gordo au Portugal (A\u00e9roport de Faro) pour son traditionnel stage de printemps. On reprend les m\u00eames et on recommence ! Enfin, on change d&rsquo;h\u00f4tel, option grand luxe et super restau, H\u00f4tel Alcazar, comme il y a deux ans. Toutes les infos ici : [attachments docid=11146 [&hellip;]<\/p>\n","protected":false},"author":2,"featured_media":0,"comment_status":"open","ping_status":"open","sticky":false,"template":"","format":"standard","meta":{"footnotes":""},"categories":[12,3],"tags":[],"class_list":["post-11145","post","type-post","status-publish","format-standard","hentry","category-divers","category-entrainement"],"_links":{"self":[{"href":"https:\/\/www.athlestats.fr\/blog_uai_demi_fond\/index.php?rest_route=\/wp\/v2\/posts\/11145"}],"collection":[{"href":"https:\/\/www.athlestats.fr\/blog_uai_demi_fond\/index.php?rest_route=\/wp\/v2\/posts"}],"about":[{"href":"https:\/\/www.athlestats.fr\/blog_uai_demi_fond\/index.php?rest_route=\/wp\/v2\/types\/post"}],"author":[{"embeddable":true,"href":"https:\/\/www.athlestats.fr\/blog_uai_demi_fond\/index.php?rest_route=\/wp\/v2\/users\/2"}],"replies":[{"embeddable":true,"href":"https:\/\/www.athlestats.fr\/blog_uai_demi_fond\/index.php?rest_route=%2Fwp%2Fv2%2Fcomments&post=11145"}],"version-history":[{"count":6,"href":"https:\/\/www.athlestats.fr\/blog_uai_demi_fond\/index.php?rest_route=\/wp\/v2\/posts\/11145\/revisions"}],"predecessor-version":[{"id":11208,"href":"https:\/\/www.athlestats.fr\/blog_uai_demi_fond\/index.php?rest_route=\/wp\/v2\/posts\/11145\/revisions\/11208"}],"wp:attachment":[{"href":"https:\/\/www.athlestats.fr\/blog_uai_demi_fond\/index.php?rest_route=%2Fwp%2Fv2%2Fmedia&parent=11145"}],"wp:term":[{"taxonomy":"category","embeddable":true,"href":"https:\/\/www.athlestats.fr\/blog_uai_demi_fond\/index.php?rest_route=%2Fwp%2Fv2%2Fcategories&post=11145"},{"taxonomy":"post_tag","embeddable":true,"href":"https:\/\/www.athlestats.fr\/blog_uai_demi_fond\/index.php?rest_route=%2Fwp%2Fv2%2Ftags&post=11145"}],"curies":[{"name":"wp","href":"https:\/\/api.w.org\/{rel}","templated":true}]}}