{"id":11113,"date":"2023-10-02T13:52:38","date_gmt":"2023-10-02T11:52:38","guid":{"rendered":"http:\/\/www.athlestats.fr\/blog_uai_demi_fond\/?p=11113"},"modified":"2023-10-09T10:29:09","modified_gmt":"2023-10-09T08:29:09","slug":"10-km-de-fontenay-sous-bois-2023","status":"publish","type":"post","link":"https:\/\/www.athlestats.fr\/blog_uai_demi_fond\/?p=11113","title":{"rendered":"10 km de Fontenay-sous-Bois 2023"},"content":{"rendered":"<h4><a href=\"https:\/\/www.fontenay.fr\/actualites\/evenements-1309\/10km-de-fontenay-4629.html?cHash=39f0e9e6631bf15e7ac85c76f585ecc3\"><img loading=\"lazy\" decoding=\"async\" class=\"alignleft\" src=\"https:\/\/www.fontenay.fr\/fileadmin\/_processed_\/d\/7\/csm_10km2023_76de1daac5.jpg\" alt=\"\" width=\"432\" height=\"648\" \/><\/a>Dimanche 15 octobre 2023<br \/>\nGymnase Salvador-Allende<br \/>\nAvenue Charles Garcia<br \/>\nFontenay-sous-Bois<\/h4>\n<h4>RDV sur place 1 heure 15 avant votre course<\/h4>\n<p>9h : course des 5 km<br \/>\n10h45 : course de 10 km<\/p>\n<p><a href=\"https:\/\/www.fontenay.fr\/actualites\/evenements-1309\/10km-de-fontenay-4629.html?cHash=39f0e9e6631bf15e7ac85c76f585ecc3\" target=\"_blank\">En s@voir plus\u2026<\/a><\/p>\n<p>Premier rendez-vous de la saison, nous attendons le maximum de participants. Selon votre envie, votre \u00e9tat de forme (ou, pour les filles, votre volont\u00e9 d&rsquo;int\u00e9grer l&rsquo;\u00e9quipe d&rsquo;Ekiden qui participera aux France), vous avez le choix entre 5 et 10km. <strong>Le club prend en charge les   modalit\u00e9s et les frais d\u2019engagement de    cette comp\u00e9tition<\/strong> pour tous   ses athl\u00e8tes <strong>licenci\u00e9s<\/strong>.<br \/>\nQui veut participer ? Sur quelle distance ?<br \/>\nR\u00e9ponse obligatoirement avant <strong>vendredi 6 octobre, 20h dans les commentaires de cet articles ou sur le sondage du groupe WhatsApp.<\/strong><\/p>\n<p>Vous \u00eates nouveaux, vous courrez \u00e0 Fontenay ? Demandez-nous vite le maillot de l\u2019UAI !<strong><br \/>\n<\/strong><\/p>\n<p>Liste d\u00e9finitive<br \/>\n<strong>5km<\/strong><br \/>\nSandra \/ Math\u00e9o \/ Elizabeth \/ Emilie-Rose \/ Charlotte PP \/ Nadir \/ Beno\u00eet \/ Matteo \/ Violette \/ Mathieu C \/ Peggy-Laure \/ In\u00e8s \/ Aubin \/ Maxime S \/ Jessica \/ Laura P<\/p>\n<p><strong>10km<br \/>\n<\/strong>Sophie D \/ Sam \/ Antonin \/ Marie-Lise \/ Fred A \/ Marc D \/ Armelle \/ TMF \/ Charlotte L \/ Alexandre D \/ Maiwenn \/ Agathe \/ Valentine \/ Olivier P \/ Floriane \/ Greg St \/ Fred B \/ Mathilde \/ Sonia \/ Jean-Do \/ Cl\u00e9ment J \/ Anthony \/ Nicolas B \/ Charles \/ Dominique \/ Denis \/ Fran\u00e7ois L \/ Albane \/ Oph\u00e9lie<\/p>\n","protected":false},"excerpt":{"rendered":"<p>Dimanche 15 octobre 2023 Gymnase Salvador-Allende Avenue Charles Garcia Fontenay-sous-Bois RDV sur place 1 heure 15 avant votre course 9h : course des 5 km 10h45 : course de 10 km En s@voir plus\u2026 Premier rendez-vous de la saison, nous attendons le maximum de participants. Selon votre envie, votre \u00e9tat de forme (ou, pour les [&hellip;]<\/p>\n","protected":false},"author":2,"featured_media":0,"comment_status":"open","ping_status":"open","sticky":false,"template":"","format":"standard","meta":{"footnotes":""},"categories":[4,5],"tags":[],"class_list":["post-11113","post","type-post","status-publish","format-standard","hentry","category-competitions","category-route"],"_links":{"self":[{"href":"https:\/\/www.athlestats.fr\/blog_uai_demi_fond\/index.php?rest_route=\/wp\/v2\/posts\/11113"}],"collection":[{"href":"https:\/\/www.athlestats.fr\/blog_uai_demi_fond\/index.php?rest_route=\/wp\/v2\/posts"}],"about":[{"href":"https:\/\/www.athlestats.fr\/blog_uai_demi_fond\/index.php?rest_route=\/wp\/v2\/types\/post"}],"author":[{"embeddable":true,"href":"https:\/\/www.athlestats.fr\/blog_uai_demi_fond\/index.php?rest_route=\/wp\/v2\/users\/2"}],"replies":[{"embeddable":true,"href":"https:\/\/www.athlestats.fr\/blog_uai_demi_fond\/index.php?rest_route=%2Fwp%2Fv2%2Fcomments&post=11113"}],"version-history":[{"count":7,"href":"https:\/\/www.athlestats.fr\/blog_uai_demi_fond\/index.php?rest_route=\/wp\/v2\/posts\/11113\/revisions"}],"predecessor-version":[{"id":11117,"href":"https:\/\/www.athlestats.fr\/blog_uai_demi_fond\/index.php?rest_route=\/wp\/v2\/posts\/11113\/revisions\/11117"}],"wp:attachment":[{"href":"https:\/\/www.athlestats.fr\/blog_uai_demi_fond\/index.php?rest_route=%2Fwp%2Fv2%2Fmedia&parent=11113"}],"wp:term":[{"taxonomy":"category","embeddable":true,"href":"https:\/\/www.athlestats.fr\/blog_uai_demi_fond\/index.php?rest_route=%2Fwp%2Fv2%2Fcategories&post=11113"},{"taxonomy":"post_tag","embeddable":true,"href":"https:\/\/www.athlestats.fr\/blog_uai_demi_fond\/index.php?rest_route=%2Fwp%2Fv2%2Ftags&post=11113"}],"curies":[{"name":"wp","href":"https:\/\/api.w.org\/{rel}","templated":true}]}}