{"id":11024,"date":"2023-08-22T17:55:39","date_gmt":"2023-08-22T15:55:39","guid":{"rendered":"http:\/\/www.athlestats.fr\/blog_uai_demi_fond\/?p=11024"},"modified":"2023-09-06T10:59:05","modified_gmt":"2023-09-06T08:59:05","slug":"saison-2023-2024","status":"publish","type":"post","link":"https:\/\/www.athlestats.fr\/blog_uai_demi_fond\/?p=11024","title":{"rendered":"Saison 2023-2024"},"content":{"rendered":"<h2>\u00c0 propos de la rentr\u00e9e et de la prochaine saison<\/h2>\n<p><strong>Reprise vendredi 8 septembre 2023 \u00e0 18h30<\/strong><\/p>\n<h3><strong>Les nouveaux horaires<\/strong><\/h3>\n<h3>Lundi &#8211; 19h00-21h00 &#8211; 1\/2 fond Jeunes (MI-CA-JU-ES)<\/h3>\n<p>S\u00e9ance avec Oph\u00e9lie ou Nadir<\/p>\n<h3>Lundi &#8211; 20h15-22h15<\/h3>\n<p>S\u00e9ance avec Cyril<\/p>\n<h3>Mardi &#8211; 18h30-20h30 &#8211; Pr\u00e9paration Physique<\/h3>\n<p>S\u00e9ance avec Oph\u00e9lie ou Nadir<\/p>\n<h3>Mercredi &#8211; 19h-21h<\/h3>\n<p>S\u00e9ance avec Oph\u00e9lie<\/p>\n<h3>Vendredi &#8211; 18h30-20h30<\/h3>\n<p>S\u00e9ance avec Cyril<\/p>\n<h3>Dimanche &#8211; 10h30-12h30<\/h3>\n<p>S\u00e9ance avec Oph\u00e9lie<\/p>\n<p>Entra\u00eeneurs : Cyril Pirali &#8211; Oph\u00e9lie Vuillemin \u2013 Nadir Oughanem \u2013 Albane Parisot &#8211; Renaud Goude<\/p>\n<p><em>S\u00e9ances ouvertes \u00e0 tous les athl\u00e8tes n\u00e9(e)s avant 2008.<\/em><\/p>\n<p><em><a href=\"https:\/\/webservicesffa.athle.fr\/Siffa-Acteur2\/AppMain_Login.aspx\"><img loading=\"lazy\" decoding=\"async\" class=\"aligncenter\" src=\"https:\/\/webservicesffa.athle.fr\/Siffa-Acteur2\/Fichiers\/Accueil\/2023\/renew_Licence.png\" alt=\"\" width=\"510\" height=\"160\" \/><\/a><br \/>\n<\/em><\/p>\n<p><strong>Comment se licencier ? (en 4 mouvements) :<\/strong><\/p>\n<p>1- Sur le site de l&rsquo;UAI<br \/>\n<a href=\"https:\/\/www.athlenet.fr\/Admin_UAI\/index.php?page=inscription\" target=\"_blank\">Pr\u00e9-inscription obligatoire en ligne sur le site de l&rsquo;UAI<\/a><\/p>\n<p>2-<span style=\"text-decoration: underline;\"> Questionnaire de renouvellement de licence FFA<\/span> :<br \/>\nNouveaut\u00e9 de cette ann\u00e9e, vous devez compl\u00e9ter (obligatoirement aussi) le formulaire de renouvellement de licence disponible sur <a rel=\"noreferrer noopener\" href=\"https:\/\/webservicesffa.athle.fr\/Siffa-Acteur2\/\" target=\"_blank\">l&rsquo;espace licenci\u00e9<\/a>.<\/p>\n<p><em>En cas d\u2019oubli de vos acc\u00e8s \u00e0 cet espace, merci d\u2019en informer les secr\u00e9taires Anne Boucharel ou Fabrice Gilles qui demanderont le renouvellement de votre acc\u00e8s aupr\u00e8s de la FFA. Pour les nouveaux adh\u00e9rents, l\u2019acc\u00e8s devra \u00e9galement \u00eatre demand\u00e9 aupr\u00e8s des secr\u00e9taires.<\/em><\/p>\n<p>3-\u00a0Sant\u00e9<br \/>\nA compter du 1er septembre 2023, pour renouveler votre licence, le certificat m\u00e9dical demand\u00e9 pr\u00e9c\u00e9demment pour les athl\u00e8tes majeurs est remplac\u00e9 par le Parcours Pr\u00e9vention Sant\u00e9 (PPS), via un formulaire en ligne dans leur espace personnel. (avant le 1er septembre, le questionnaire sant\u00e9 fonctionne toujours !). Pour les athl\u00e8tes mineurs, le questionnaire sant\u00e9 (ou le certificat m\u00e9dical \u00e9ventuel) demeure obligatoire.<\/p>\n<p><a href=\"https:\/\/www.athle.fr\/reglement\/Circulaire_Administrative_2023-24.pdf\" target=\"_blank\">La proc\u00e9dure en d\u00e9tail dans cette circulaire administrative&#8230;<\/a><\/p>\n<p>4- Remettre \u00e0 son entraineur pr\u00e9f\u00e9r\u00e9 le montant de votre cotisation et le formulaire de demande d\u2019adh\u00e9sion \u00e0 l&rsquo;UAI, sign\u00e9.<\/p>\n<p>TARIFS :<br \/>\n&#8211; 230 \u20ac nouvel adh\u00e9rent<br \/>\n&#8211; 190 \u20ac ancien adh\u00e9rent<br \/>\n&#8211; 160 \u20ac \u00e9tudiant post-bac (sur pr\u00e9sentation justificatif)<\/p>\n<p><a href=\"https:\/\/ville-nogentsurmarne.com\/nsm_agenda\/le-village-des-associations\/\" target=\"_blank\">N\u2019oubliez    pas aussi de venir nous saluer ou animer avec nous le stand de l\u2019UAI   au  Village des Associations, au Pavillon Baltard, dimanche 3 septembre   de  11h \u00e0 17h.<\/a><\/p>\n<p><a href=\"https:\/\/ville-nogentsurmarne.com\/course-nogent-baltard-a-vos-marques-pour-la-14e-edition\/\" target=\"_blank\">Et, c\u2019est d\u00e9j\u00e0 demain, l\u2019UAI Nogent (et Fran\u00e7ois Biron) organise la Nogent Baltard le 1er octobre 2023. A cocher dans son agenda.<\/a><\/p>\n<p><a href=\"https:\/\/www.athle.fr\/asp.net\/main.html\/html.aspx?htmlid=5636\" target=\"_blank\">En attendant, et si j&rsquo;obtenais mon passeport I Run Clean !?<\/a><\/p>\n<p><a href=\"https:\/\/www.athle.fr\/asp.net\/main.html\/html.aspx?htmlid=25\" target=\"_blank\">Les nouvelles cat\u00e9gories 2024<\/a><\/p>\n<p>Bonnes fin de vacances et \u00e0 tr\u00e8s tr\u00e8s vite !<\/p>\n","protected":false},"excerpt":{"rendered":"<p>\u00c0 propos de la rentr\u00e9e et de la prochaine saison Reprise vendredi 8 septembre 2023 \u00e0 18h30 Les nouveaux horaires Lundi &#8211; 19h00-21h00 &#8211; 1\/2 fond Jeunes (MI-CA-JU-ES) S\u00e9ance avec Oph\u00e9lie ou Nadir Lundi &#8211; 20h15-22h15 S\u00e9ance avec Cyril Mardi &#8211; 18h30-20h30 &#8211; Pr\u00e9paration Physique S\u00e9ance avec Oph\u00e9lie ou Nadir Mercredi &#8211; 19h-21h S\u00e9ance avec [&hellip;]<\/p>\n","protected":false},"author":2,"featured_media":0,"comment_status":"open","ping_status":"open","sticky":false,"template":"","format":"standard","meta":{"footnotes":""},"categories":[3,11],"tags":[],"class_list":["post-11024","post","type-post","status-publish","format-standard","hentry","category-entrainement","category-horaires"],"_links":{"self":[{"href":"https:\/\/www.athlestats.fr\/blog_uai_demi_fond\/index.php?rest_route=\/wp\/v2\/posts\/11024"}],"collection":[{"href":"https:\/\/www.athlestats.fr\/blog_uai_demi_fond\/index.php?rest_route=\/wp\/v2\/posts"}],"about":[{"href":"https:\/\/www.athlestats.fr\/blog_uai_demi_fond\/index.php?rest_route=\/wp\/v2\/types\/post"}],"author":[{"embeddable":true,"href":"https:\/\/www.athlestats.fr\/blog_uai_demi_fond\/index.php?rest_route=\/wp\/v2\/users\/2"}],"replies":[{"embeddable":true,"href":"https:\/\/www.athlestats.fr\/blog_uai_demi_fond\/index.php?rest_route=%2Fwp%2Fv2%2Fcomments&post=11024"}],"version-history":[{"count":19,"href":"https:\/\/www.athlestats.fr\/blog_uai_demi_fond\/index.php?rest_route=\/wp\/v2\/posts\/11024\/revisions"}],"predecessor-version":[{"id":11034,"href":"https:\/\/www.athlestats.fr\/blog_uai_demi_fond\/index.php?rest_route=\/wp\/v2\/posts\/11024\/revisions\/11034"}],"wp:attachment":[{"href":"https:\/\/www.athlestats.fr\/blog_uai_demi_fond\/index.php?rest_route=%2Fwp%2Fv2%2Fmedia&parent=11024"}],"wp:term":[{"taxonomy":"category","embeddable":true,"href":"https:\/\/www.athlestats.fr\/blog_uai_demi_fond\/index.php?rest_route=%2Fwp%2Fv2%2Fcategories&post=11024"},{"taxonomy":"post_tag","embeddable":true,"href":"https:\/\/www.athlestats.fr\/blog_uai_demi_fond\/index.php?rest_route=%2Fwp%2Fv2%2Ftags&post=11024"}],"curies":[{"name":"wp","href":"https:\/\/api.w.org\/{rel}","templated":true}]}}